{"Signatur": "SG_VSG_001", "Spider": "SG_Gerichte", "Datum": "2021-06-28", "PDF": {"Datei": "SG_Gerichte/SG_VSG_001_IV-2019-301_2021-06-28.pdf", "URL": "https://publikationen.sg.ch/rechtsprechung-gerichte?tx_diamjudicalsg_judicalpublicationpdf%5Bcontroller%5D=DownloadPdf&tx_diamjudicalsg_judicalpublicationpdf%5Bpublication%5D=10969&type=1563347022&cHash=26843398cb46f00f7a922d6ed71f82cf", "Checksum": "4f3ccac1347c923c16d90edf4308b94c"}, "Scrapedate": "2025-07-19", "Num": ["IV 2019/301"], "Kopfzeile": [{"Sprachen": ["de"], "Text": "St.Gallen Versicherungsgericht 28.06.2021 IV 2019/301"}, {"Sprachen": ["fr"], "Text": "Saint-Gall Versicherungsgericht 28.06.2021 IV 2019/301"}, {"Sprachen": ["it"], "Text": "San Gallo Versicherungsgericht 28.06.2021 IV 2019/301"}], "Meta": [{"Sprachen": ["de"], "Text": "St.Gallen Versicherungsgericht "}, {"Sprachen": ["fr"], "Text": "Saint-Gall Versicherungsgericht "}, {"Sprachen": ["it"], "Text": "San Gallo Versicherungsgericht "}, {"Sprachen": ["de", "fr", "it"], "Text": "IV - Invalidenversicherung"}], "Abstract": [{"Sprachen": ["de", "fr", "it"], "Text": "Art. 8 und 28 IVG, Art. 26 IVV. Rentenzusprache und R\u00fcckweisung zu erg\u00e4nzender beruflicher Abkl\u00e4rung und Durchf\u00fchrung von weiteren Eingliederungsmassnahmen (nach Erreichen eines Eidgen\u00f6ssischen Berufsattests in einer erstmaligen beruflichen IV-Ausbildung) (Entscheid des Versicherungsgerichts des Kantons St. Gallen vom 28. Juni 2021, IV 2019/301)."}], "ScrapyJob": "446973/61/1836", "Zeit UTC": "19.07.2025 00:40:24", "Checksum": "569c79c160f6e4f2fefcb9900ebec744"}