{"Signatur": "SG_VSG_001", "Spider": "SG_Gerichte", "Datum": "2015-09-29", "PDF": {"Datei": "SG_Gerichte/SG_VSG_001_KV-Z-2014-6_2015-09-29.pdf", "URL": "https://publikationen.sg.ch/rechtsprechung-gerichte?tx_diamjudicalsg_judicalpublicationpdf%5Bcontroller%5D=DownloadPdf&tx_diamjudicalsg_judicalpublicationpdf%5Bpublication%5D=9855&type=1563347022&cHash=0258e7d2e59f516eb14e937edd70c9aa", "Checksum": "7c9fa07dff31e38123a2c1dd0980e5ac"}, "Scrapedate": "2025-07-19", "Num": ["KV-Z 2014/6"], "Kopfzeile": [{"Sprachen": ["de"], "Text": "St.Gallen Versicherungsgericht 29.09.2015 KV-Z 2014/6"}, {"Sprachen": ["fr"], "Text": "Saint-Gall Versicherungsgericht 29.09.2015 KV-Z 2014/6"}, {"Sprachen": ["it"], "Text": "San Gallo Versicherungsgericht 29.09.2015 KV-Z 2014/6"}], "Meta": [{"Sprachen": ["de"], "Text": "St.Gallen Versicherungsgericht "}, {"Sprachen": ["fr"], "Text": "Saint-Gall Versicherungsgericht "}, {"Sprachen": ["it"], "Text": "San Gallo Versicherungsgericht "}, {"Sprachen": ["de", "fr", "it"], "Text": "KV - Krankenversicherung"}], "Abstract": [{"Sprachen": ["de", "fr", "it"], "Text": "VVG Art. 33 und Regeln zur Auslegung von vorformulierten Versicherungsbedingungen:\r\n\r\nDie Leistungspflicht f\u00fcr geistige oder psychische Erkrankungen wurde von der Zusatzversicherung zur sozialen Krankenversicherung nicht g\u00fcltig eingeschr\u00e4nkt. Anwendung insbesondere der Ungew\u00f6hnlichkeitsregel.\r\n\r\nVVG Art. 9\r\n\r\nDie Krankheit brach erst nach Versicherungsbeginn aus, weshalb keine R\u00fcckw\u00e4rtsversicherung vorliegt.\r\n\r\nDie Voraussetzungen f\u00fcr die Ausrichtung des vollen Invalidit\u00e4tskapitals von Fr. 100'000.-- sind erf\u00fcllt und die Beklagte wird dazu verpflichtet. (Entscheid des Versicherungsgerichts des Kantons St. Gallen vom 29. September 2015, KV-Z 2014/6)."}], "ScrapyJob": "446973/61/1836", "Zeit UTC": "19.07.2025 06:46:23", "Checksum": "e71572b7873059fc96acbbbe00bc977a"}