{"Signatur": "SG_VSG_001", "Spider": "SG_Gerichte", "Datum": "2016-05-17", "PDF": {"Datei": "SG_Gerichte/SG_VSG_001_KV-Z-2016-2_2016-05-17.pdf", "URL": "https://publikationen.sg.ch/rechtsprechung-gerichte?tx_diamjudicalsg_judicalpublicationpdf%5Bcontroller%5D=DownloadPdf&tx_diamjudicalsg_judicalpublicationpdf%5Bpublication%5D=9841&type=1563347022&cHash=c5fd015113fb467bedccbf3ca227302d", "Checksum": "64f22d1abe6105b6b84fce061b58ec54"}, "Scrapedate": "2025-07-19", "Num": ["KV-Z 2016/2"], "Kopfzeile": [{"Sprachen": ["de"], "Text": "St.Gallen Versicherungsgericht 17.05.2016 KV-Z 2016/2"}, {"Sprachen": ["fr"], "Text": "Saint-Gall Versicherungsgericht 17.05.2016 KV-Z 2016/2"}, {"Sprachen": ["it"], "Text": "San Gallo Versicherungsgericht 17.05.2016 KV-Z 2016/2"}], "Meta": [{"Sprachen": ["de"], "Text": "St.Gallen Versicherungsgericht "}, {"Sprachen": ["fr"], "Text": "Saint-Gall Versicherungsgericht "}, {"Sprachen": ["it"], "Text": "San Gallo Versicherungsgericht "}, {"Sprachen": ["de", "fr", "it"], "Text": "KV - Krankenversicherung"}], "Abstract": [{"Sprachen": ["de", "fr", "it"], "Text": "Krankentaggeld, VVG-Zusatzversicherung zur sozialen Krankenversicherung. Im konkreten Fall ist die vom Kl\u00e4ger geltend gemachte, durch eine schwierige Arbeitsplatzsituation mit subjektiv erlebtem Mobbing ausgel\u00f6ste Arbeitsunf\u00e4higkeit nicht hinreichend bewiesen, sodass die eingeklagte Versicherung ihre Leistungspflicht diesbez\u00fcglich zu Recht verneint hat (Entscheid des Versicherungsgerichts des Kantons St. Gallen vom 17. Mai 2016, KV-Z 2016/2)."}], "ScrapyJob": "446973/61/1836", "Zeit UTC": "19.07.2025 06:13:27", "Checksum": "0865af7569c9eae065e04c1cb6b58240"}