{"Signatur": "SG_VSG_001", "Spider": "SG_Gerichte", "Datum": "2017-07-11", "PDF": {"Datei": "SG_Gerichte/SG_VSG_001_KV-Z-2016-9_2017-07-11.pdf", "URL": "https://publikationen.sg.ch/rechtsprechung-gerichte?tx_diamjudicalsg_judicalpublicationpdf%5Bcontroller%5D=DownloadPdf&tx_diamjudicalsg_judicalpublicationpdf%5Bpublication%5D=9831&type=1563347022&cHash=8b2d137f30b032a42c96547ca09c94bc", "Checksum": "1cf16ce515ef9a7f64ccb5100a68b7af"}, "Scrapedate": "2025-07-19", "Num": ["KV-Z 2016/9"], "Kopfzeile": [{"Sprachen": ["de"], "Text": "St.Gallen Versicherungsgericht 11.07.2017 KV-Z 2016/9"}, {"Sprachen": ["fr"], "Text": "Saint-Gall Versicherungsgericht 11.07.2017 KV-Z 2016/9"}, {"Sprachen": ["it"], "Text": "San Gallo Versicherungsgericht 11.07.2017 KV-Z 2016/9"}], "Meta": [{"Sprachen": ["de"], "Text": "St.Gallen Versicherungsgericht "}, {"Sprachen": ["fr"], "Text": "Saint-Gall Versicherungsgericht "}, {"Sprachen": ["it"], "Text": "San Gallo Versicherungsgericht "}, {"Sprachen": ["de", "fr", "it"], "Text": "KV - Krankenversicherung"}], "Abstract": [{"Sprachen": ["de", "fr", "it"], "Text": "Krankentaggeld, VVG-Zusatzversicherung zur sozialen Krankenversicherung. W\u00fcrdigung medizinischer Berichte. Die Reduktion der Taggeldleistungen sowie die sp\u00e4tere Einstellung erweisen sich als rechtm\u00e4ssig. Abweisung der Klage (Entscheid des Versicherungsgerichts des Kantons St. Gallen vom 11. Juli 2017, KV-Z 2016/9)."}], "ScrapyJob": "446973/61/1836", "Zeit UTC": "19.07.2025 05:09:47", "Checksum": "4a9da2748af61ab841b5b38faebf182d"}