{"Signatur": "SG_VSG_001", "Spider": "SG_Gerichte", "Datum": "2019-09-06", "PDF": {"Datei": "SG_Gerichte/SG_VSG_001_KV-Z-2017-9_2019-09-06.pdf", "URL": "https://publikationen.sg.ch/rechtsprechung-gerichte?tx_diamjudicalsg_judicalpublicationpdf%5Bcontroller%5D=DownloadPdf&tx_diamjudicalsg_judicalpublicationpdf%5Bpublication%5D=5585&type=1563347022&cHash=e623416f7fff5acbb371685af206d955", "Checksum": "56d32d95c3da1666ae47ea290bc58043"}, "Scrapedate": "2025-07-19", "Num": ["KV-Z 2017/9"], "Kopfzeile": [{"Sprachen": ["de"], "Text": "St.Gallen Versicherungsgericht 06.09.2019 KV-Z 2017/9"}, {"Sprachen": ["fr"], "Text": "Saint-Gall Versicherungsgericht 06.09.2019 KV-Z 2017/9"}, {"Sprachen": ["it"], "Text": "San Gallo Versicherungsgericht 06.09.2019 KV-Z 2017/9"}], "Meta": [{"Sprachen": ["de"], "Text": "St.Gallen Versicherungsgericht "}, {"Sprachen": ["fr"], "Text": "Saint-Gall Versicherungsgericht "}, {"Sprachen": ["it"], "Text": "San Gallo Versicherungsgericht "}, {"Sprachen": ["de", "fr", "it"], "Text": "KV - Krankenversicherung"}], "Abstract": [{"Sprachen": ["de", "fr", "it"], "Text": "Krankentaggeld, VVG-Zusatzversicherung zur sozialen Krankenversicherung. Der Nachweis der Arbeitsunf\u00e4higkeit zur Geltendmachung von Taggeldleistungen obliegt der versicherten Person. Arbeitsplatzkonflikt. W\u00fcrdigung medizinischer Berichte. Leistungsbegr\u00fcndende Arbeitsunf\u00e4higkeit in der strittigen Periode nicht nachgewiesen. Die neu zwischenzeitlich aufgetretene somatisch begr\u00fcndete Arbeitsunf\u00e4higkeit erf\u00fcllt die 30-t\u00e4gige Wartefrist nicht (Entscheid des Versicherungsgerichts des Kantons St. Gallen vom 6. September 2019, KV-Z 2017/9)."}], "ScrapyJob": "446973/61/1836", "Zeit UTC": "19.07.2025 02:42:56", "Checksum": "05deab163e6bc9d9b648f07dd496c09d"}