{"Signatur": "SG_VSG_001", "Spider": "SG_Gerichte", "Datum": "2020-12-04", "PDF": {"Datei": "SG_Gerichte/SG_VSG_001_KV-Z-2020-1_2020-12-04.pdf", "URL": "https://publikationen.sg.ch/rechtsprechung-gerichte?tx_diamjudicalsg_judicalpublicationpdf%5Bcontroller%5D=DownloadPdf&tx_diamjudicalsg_judicalpublicationpdf%5Bpublication%5D=10399&type=1563347022&cHash=555ab865b56550864beba1fab177e325", "Checksum": "7dd29f7850f208bff6f7154ce9671c2f"}, "Scrapedate": "2025-07-19", "Num": ["KV-Z 2020/1"], "Kopfzeile": [{"Sprachen": ["de"], "Text": "St.Gallen Versicherungsgericht 04.12.2020 KV-Z 2020/1"}, {"Sprachen": ["fr"], "Text": "Saint-Gall Versicherungsgericht 04.12.2020 KV-Z 2020/1"}, {"Sprachen": ["it"], "Text": "San Gallo Versicherungsgericht 04.12.2020 KV-Z 2020/1"}], "Meta": [{"Sprachen": ["de"], "Text": "St.Gallen Versicherungsgericht "}, {"Sprachen": ["fr"], "Text": "Saint-Gall Versicherungsgericht "}, {"Sprachen": ["it"], "Text": "San Gallo Versicherungsgericht "}, {"Sprachen": ["de", "fr", "it"], "Text": "KV - Krankenversicherung"}], "Abstract": [{"Sprachen": ["de", "fr", "it"], "Text": "Krankentaggeld, VVG-Zusatzversicherung zur sozialen Krankenversicherung. Eine Arbeitsunf\u00e4higkeit, die f\u00fcr den eingeklagten Zeitraum Krankentaggeldleistungen begr\u00fcnden w\u00fcrde, ist nicht \u00fcberwiegend wahrscheinlich erstellt. Abweisung der Klage (Entscheid des Versicherungsgerichts des Kantons St. Gallen vom 4. Dezember 2020, KV-Z 2020/1)."}], "ScrapyJob": "446973/61/1836", "Zeit UTC": "19.07.2025 01:14:53", "Checksum": "54e5f4e9a14cb4723b8c365ed46240af"}