{"Signatur": "SG_VSG_001", "Spider": "SG_Gerichte", "Datum": "2021-08-30", "PDF": {"Datei": "SG_Gerichte/SG_VSG_001_KV-Z-2020-8_2021-08-30.pdf", "URL": "https://publikationen.sg.ch/rechtsprechung-gerichte?tx_diamjudicalsg_judicalpublicationpdf%5Bcontroller%5D=DownloadPdf&tx_diamjudicalsg_judicalpublicationpdf%5Bpublication%5D=10669&type=1563347022&cHash=1ecdbce907f4a9a57f3fb6d4777ff509", "Checksum": "ac27a807f357a36c505de76d93465035"}, "Scrapedate": "2025-07-19", "Num": ["KV-Z 2020/8"], "Kopfzeile": [{"Sprachen": ["de"], "Text": "St.Gallen Versicherungsgericht 30.08.2021 KV-Z 2020/8"}, {"Sprachen": ["fr"], "Text": "Saint-Gall Versicherungsgericht 30.08.2021 KV-Z 2020/8"}, {"Sprachen": ["it"], "Text": "San Gallo Versicherungsgericht 30.08.2021 KV-Z 2020/8"}], "Meta": [{"Sprachen": ["de"], "Text": "St.Gallen Versicherungsgericht "}, {"Sprachen": ["fr"], "Text": "Saint-Gall Versicherungsgericht "}, {"Sprachen": ["it"], "Text": "San Gallo Versicherungsgericht "}, {"Sprachen": ["de", "fr", "it"], "Text": "KV - Krankenversicherung"}], "Abstract": [{"Sprachen": ["de", "fr", "it"], "Text": "Krankentaggeld, VVG-Zusatzversicherung zur sozialen Krankenversicherung. Eine Arbeitsunf\u00e4higkeit, die f\u00fcr den eingeklagten Zeitraum Krankentaggeldleistungen begr\u00fcnden w\u00fcrde, ist nicht \u00fcberwiegend wahrscheinlich erstellt. Abweisung der Klage (Entscheid des Versicherungsgerichts des Kantons St. Gallen vom 30. August 2021, KV-Z 2020/8).\r\nBest\u00e4tigt durch Urteil des Bundesgerichts 4A_516/2021."}], "ScrapyJob": "446973/61/1836", "Zeit UTC": "19.07.2025 00:31:12", "Checksum": "6ca7c7b48b8e0956e583db81ea1438f9"}