{"Signatur": "SG_VSG_001", "Spider": "SG_Gerichte", "Datum": "2016-06-22", "PDF": {"Datei": "SG_Gerichte/SG_VSG_001_UV-2014-23_2016-06-22.pdf", "URL": "https://publikationen.sg.ch/rechtsprechung-gerichte?tx_diamjudicalsg_judicalpublicationpdf%5Bcontroller%5D=DownloadPdf&tx_diamjudicalsg_judicalpublicationpdf%5Bpublication%5D=2176&type=1563347022&cHash=8fbdad192cd87255fab24733d80f625a", "Checksum": "550e4e0982ff211fcec277dce67a66ac"}, "Scrapedate": "2025-07-19", "Num": ["UV 2014/23"], "Kopfzeile": [{"Sprachen": ["de"], "Text": "St.Gallen Versicherungsgericht 22.06.2016 UV 2014/23"}, {"Sprachen": ["fr"], "Text": "Saint-Gall Versicherungsgericht 22.06.2016 UV 2014/23"}, {"Sprachen": ["it"], "Text": "San Gallo Versicherungsgericht 22.06.2016 UV 2014/23"}], "Meta": [{"Sprachen": ["de"], "Text": "St.Gallen Versicherungsgericht "}, {"Sprachen": ["fr"], "Text": "Saint-Gall Versicherungsgericht "}, {"Sprachen": ["it"], "Text": "San Gallo Versicherungsgericht "}, {"Sprachen": ["de", "fr", "it"], "Text": "UV - Unfallversicherung"}], "Abstract": [{"Sprachen": ["de", "fr", "it"], "Text": "Art.\u00a06 Abs.\u00a01, Art.\u00a06 Abs.\u00a03, Art.\u00a018 und Art.\u00a024 Abs.\u00a01 UVG. Verneinung der Unfallkausalit\u00e4t der Depression, der Demenzerkrankung und der Beschwerden an der Lendenwirbels\u00e4ule. Kein Anspruch auf eine Invalidenrente oder eine Integrit\u00e4tsentsch\u00e4digung aufgrund der somatischen Unfallrestfolgen (Entscheid des Versicherungsgerichts des Kantons St. Gallen vom 22. Juni 2016, UV 2014/23).Entscheid vom 22. Juni 2016"}], "ScrapyJob": "446973/61/1836", "Zeit UTC": "19.07.2025 06:08:59", "Checksum": "62af5c588d63826728d8a28206a027ec"}