{"Signatur": "SG_VSG_001", "Spider": "SG_Gerichte", "Datum": "2020-05-15", "PDF": {"Datei": "SG_Gerichte/SG_VSG_001_UV-2018-44_2020-05-15.pdf", "URL": "https://publikationen.sg.ch/rechtsprechung-gerichte?tx_diamjudicalsg_judicalpublicationpdf%5Bcontroller%5D=DownloadPdf&tx_diamjudicalsg_judicalpublicationpdf%5Bpublication%5D=9631&type=1563347022&cHash=194663e3caf2fd48eabc69b1a3cb9f5e", "Checksum": "4cc9b1d3d3ddd38ef30d8f1f92fd2108"}, "Scrapedate": "2025-07-19", "Num": ["UV 2018/44"], "Kopfzeile": [{"Sprachen": ["de"], "Text": "St.Gallen Versicherungsgericht 15.05.2020 UV 2018/44"}, {"Sprachen": ["fr"], "Text": "Saint-Gall Versicherungsgericht 15.05.2020 UV 2018/44"}, {"Sprachen": ["it"], "Text": "San Gallo Versicherungsgericht 15.05.2020 UV 2018/44"}], "Meta": [{"Sprachen": ["de"], "Text": "St.Gallen Versicherungsgericht "}, {"Sprachen": ["fr"], "Text": "Saint-Gall Versicherungsgericht "}, {"Sprachen": ["it"], "Text": "San Gallo Versicherungsgericht "}, {"Sprachen": ["de", "fr", "it"], "Text": "UV - Unfallversicherung"}], "Abstract": [{"Sprachen": ["de", "fr", "it"], "Text": "Art. 6 UVG. Verneinung eines nat\u00fcrlichen Kausalzusammenhangs zwischen dem Unfall und der \u00fcber den Leistungseinstellungszeitpunkt geklagten Nackenbeschwerden. Verneinung des ad\u00e4quaten Kausalzusammenhangs zwischen dem Unfall und der im Anschluss aufgetretenen psychischen Beschwerden. Abweisung der Beschwerde (Entscheid des Versicherungsgerichts des Kantons St. Gallen vom 15. Mai 2020, UV 2018/44)."}], "ScrapyJob": "446973/61/1836", "Zeit UTC": "19.07.2025 01:54:45", "Checksum": "cb553ccd4730757fe4b4e01ddee4fa89"}