{"Signatur": "SG_VWEK_001", "Spider": "SG_Gerichte", "Datum": "2021-09-23", "PDF": {"Datei": "SG_Gerichte/SG_VWEK_001_I-1-2021-40_2021-09-23.pdf", "URL": "https://publikationen.sg.ch/rechtsprechung-gerichte?tx_diamjudicalsg_judicalpublicationpdf%5Bcontroller%5D=DownloadPdf&tx_diamjudicalsg_judicalpublicationpdf%5Bpublication%5D=10452&type=1563347022&cHash=dc753744f3fb3f67b478fa972c808372", "Checksum": "c048760959ce2f11d90cc26265f6ccbc"}, "Scrapedate": "2025-07-19", "Num": ["I/1-2021/40"], "Kopfzeile": [{"Sprachen": ["de"], "Text": "St.Gallen Verwaltungsrekurskommission 23.09.2021 I/1-2021/40"}, {"Sprachen": ["fr"], "Text": "Saint-Gall Verwaltungsrekurskommission 23.09.2021 I/1-2021/40"}, {"Sprachen": ["it"], "Text": "San Gallo Verwaltungsrekurskommission 23.09.2021 I/1-2021/40"}], "Meta": [{"Sprachen": ["de"], "Text": "St.Gallen Verwaltungsrekurskommission "}, {"Sprachen": ["fr"], "Text": "Saint-Gall Verwaltungsrekurskommission "}, {"Sprachen": ["it"], "Text": "San Gallo Verwaltungsrekurskommission "}, {"Sprachen": ["de", "fr", "it"], "Text": "Abgaben und \u00f6ffentliche Dienstpflichten"}], "Abstract": [{"Sprachen": ["de", "fr", "it"], "Text": "Art. 48 Abs. 1 lit. a Ziff. 2 und 3, Art. 48 Abs. 2 StG (sGS 811.1). Die Voraussetzungen f\u00fcr den Kinder- und Ausbildungskostenabzug f\u00fcr den Sohn der Steuerpflichtigen sind nicht erf\u00fcllt, weil er sich am Stichtag nicht in der Ausbildung befunden oder diese aus objektiven und zweckgerichteten Gr\u00fcnden vor\u00fcbergehend unterbrochen hat (Verwaltungsrekurskommission, Abteilung I/1, 23. September 2021, I/1-2021/40)."}], "ScrapyJob": "446973/61/1836", "Zeit UTC": "19.07.2025 00:26:26", "Checksum": "de738bfbf68d122443463080a1709918"}