{"Signatur": "SG_VWEK_001", "Spider": "SG_Gerichte", "Datum": "2020-05-14", "PDF": {"Datei": "SG_Gerichte/SG_VWEK_001_I-2-2019-115_2020-05-14.pdf", "URL": "https://publikationen.sg.ch/rechtsprechung-gerichte?tx_diamjudicalsg_judicalpublicationpdf%5Bcontroller%5D=DownloadPdf&tx_diamjudicalsg_judicalpublicationpdf%5Bpublication%5D=9974&type=1563347022&cHash=1e58a0695fdca769720aa75d830fb8ca", "Checksum": "f8d4be94e1271631fb6aec1ebf73d783"}, "Scrapedate": "2025-07-19", "Num": ["I/2-2019/115"], "Kopfzeile": [{"Sprachen": ["de"], "Text": "St.Gallen Verwaltungsrekurskommission 14.05.2020 I/2-2019/115"}, {"Sprachen": ["fr"], "Text": "Saint-Gall Verwaltungsrekurskommission 14.05.2020 I/2-2019/115"}, {"Sprachen": ["it"], "Text": "San Gallo Verwaltungsrekurskommission 14.05.2020 I/2-2019/115"}], "Meta": [{"Sprachen": ["de"], "Text": "St.Gallen Verwaltungsrekurskommission "}, {"Sprachen": ["fr"], "Text": "Saint-Gall Verwaltungsrekurskommission "}, {"Sprachen": ["it"], "Text": "San Gallo Verwaltungsrekurskommission "}, {"Sprachen": ["de", "fr", "it"], "Text": "Abgaben und \u00f6ffentliche Dienstpflichten"}], "Abstract": [{"Sprachen": ["de", "fr", "it"], "Text": "Art. 13 und 49 MG (SR 510.10), Art. 2 und 3 WPEG (SR 661), Wehrpflichtersatz. Die \u00c4nderung von Art. 2 und 3 WPEG, die per Anfang 2019 die Wehrdienst- und Ersatzpflicht bis zum Ende des 37. Altersjahres ausdehnte, begr\u00fcndet f\u00fcr Wehrpflichtige, die bereits 2017 ihre Dienst- bzw. Ersatzpflicht vollumf\u00e4nglich erf\u00fcllt hatten, keine R\u00fcckwirkung bzw. kein Wiederaufleben der Wehrpflicht (Verwaltungsrekurskommission, Abteilung I/2, 14. Mai 2020, I/2-2019/115)."}], "ScrapyJob": "446973/61/1836", "Zeit UTC": "19.07.2025 01:54:55", "Checksum": "9e2d28f2458d05319848a4285243530e"}