{"Signatur": "SG_VWEK_001", "Spider": "SG_Gerichte", "Datum": "2017-06-29", "PDF": {"Datei": "SG_Gerichte/SG_VWEK_001_IV-2016-179_2017-06-29.pdf", "URL": "https://publikationen.sg.ch/rechtsprechung-gerichte?tx_diamjudicalsg_judicalpublicationpdf%5Bcontroller%5D=DownloadPdf&tx_diamjudicalsg_judicalpublicationpdf%5Bpublication%5D=2419&type=1563347022&cHash=fe7eddb9a2b2f8d28bf99e7e0b2c6a9b", "Checksum": "98986e5f5180bd1ad9964bbad0f699a2"}, "Scrapedate": "2025-07-19", "Num": ["IV-2016/179"], "Kopfzeile": [{"Sprachen": ["de"], "Text": "St.Gallen Verwaltungsrekurskommission 29.06.2017 IV-2016/179"}, {"Sprachen": ["fr"], "Text": "Saint-Gall Verwaltungsrekurskommission 29.06.2017 IV-2016/179"}, {"Sprachen": ["it"], "Text": "San Gallo Verwaltungsrekurskommission 29.06.2017 IV-2016/179"}], "Meta": [{"Sprachen": ["de"], "Text": "St.Gallen Verwaltungsrekurskommission "}, {"Sprachen": ["fr"], "Text": "Saint-Gall Verwaltungsrekurskommission "}, {"Sprachen": ["it"], "Text": "San Gallo Verwaltungsrekurskommission "}, {"Sprachen": ["de", "fr", "it"], "Text": "Verkehr"}], "Abstract": [{"Sprachen": ["de", "fr", "it"], "Text": "Art.\u00a016c Abs.\u00a01 lit.\u00a0f und Abs.\u00a03 SVG (SR 741.01), Art.\u00a045 Abs.\u00a01 VZV (SR 741.51). Dem Rekurrenten war der ausl\u00e4ndische F\u00fchrerausweis f\u00fcr vier Monate aberkannt. Einen Monat vor Ablauf dieses Fahrverbots hat er in der Schweiz einen gesch\u00e4ftlichen Auftrag zu erf\u00fcllen. Er fuhr bis zur Zollstelle Diepoldsau und wollte die Begleiterin f\u00fcr die Weiterfahrt ans Steuer lassen. Aus pflichtwidriger Unvorsichtigkeit hatte er indessen bereits eine kurze Strecke auf schweizerischem Hoheitsgebiet zur\u00fcckgelegt, weshalb er den Tatbestand des F\u00fchrens eines Motorfahrzeugs trotz Aberkennung des ausl\u00e4ndischen F\u00fchrerausweises erf\u00fcllt. Infolge geringen Verschuldens sind die Voraussetzungen f\u00fcr die Unterschreitung der Mindestentzugsdauer von zw\u00f6lf Monaten erf\u00fcllt. Die im Zeitpunkt der fraglichen Fahrt bestehende Ausweisaberkennung wird durch die neue, zwei Monate lange ersetzt, sodass nicht beide Aberkennungen ganz verb\u00fcsst werden m\u00fcssen (Verwaltungsrekurskommission, Abteilung IV, 29. Juni 2017, IV-2016/179)"}], "ScrapyJob": "446973/61/1836", "Zeit UTC": "19.07.2025 05:13:22", "Checksum": "d9d0efb350acd2eacdbba8c45b7975db"}