{"Signatur": "SG_VWEK_001", "Spider": "SG_Gerichte", "Datum": "2017-06-29", "PDF": {"Datei": "SG_Gerichte/SG_VWEK_001_IV-2017-53_2017-06-29.pdf", "URL": "https://publikationen.sg.ch/rechtsprechung-gerichte?tx_diamjudicalsg_judicalpublicationpdf%5Bcontroller%5D=DownloadPdf&tx_diamjudicalsg_judicalpublicationpdf%5Bpublication%5D=2424&type=1563347022&cHash=667af47b05d267a7f8762f63ba19f018", "Checksum": "b836cda348484107bd48d8b45d7cd328"}, "Scrapedate": "2025-07-19", "Num": ["IV-2017/53"], "Kopfzeile": [{"Sprachen": ["de"], "Text": "St.Gallen Verwaltungsrekurskommission 29.06.2017 IV-2017/53"}, {"Sprachen": ["fr"], "Text": "Saint-Gall Verwaltungsrekurskommission 29.06.2017 IV-2017/53"}, {"Sprachen": ["it"], "Text": "San Gallo Verwaltungsrekurskommission 29.06.2017 IV-2017/53"}], "Meta": [{"Sprachen": ["de"], "Text": "St.Gallen Verwaltungsrekurskommission "}, {"Sprachen": ["fr"], "Text": "Saint-Gall Verwaltungsrekurskommission "}, {"Sprachen": ["it"], "Text": "San Gallo Verwaltungsrekurskommission "}, {"Sprachen": ["de", "fr", "it"], "Text": "Verkehr"}], "Abstract": [{"Sprachen": ["de", "fr", "it"], "Text": "Art.\u00a016 Abs.\u00a01, Art.\u00a016d Abs.\u00a01 lit. a SVG (SR 741.01), Art.\u00a011b Abs.\u00a01 lit.\u00a0a und b VZV (SR\u00a0741.51). Der Rekurrent leidet an einem Schlafapnoe-Syndrom, starkem \u00dcbergewicht und kognitiven Beeintr\u00e4chtigungen (verminderte Konzentrationsf\u00e4higkeit und Aufmerksamkeit). Best\u00e4tigung des Sicherungsentzugs (Verwaltungsrekurskommission, Abteilung IV, 29.\u00a0Juni 2017, IV-2017/53)."}], "ScrapyJob": "446973/61/1836", "Zeit UTC": "19.07.2025 05:12:56", "Checksum": "40810275ab56180b9d5aa9b3ff30e559"}