{"Signatur": "SG_VWEK_001", "Spider": "SG_Gerichte", "Datum": "2018-08-23", "PDF": {"Datei": "SG_Gerichte/SG_VWEK_001_IV-2018-33_2018-08-23.pdf", "URL": "https://publikationen.sg.ch/rechtsprechung-gerichte?tx_diamjudicalsg_judicalpublicationpdf%5Bcontroller%5D=DownloadPdf&tx_diamjudicalsg_judicalpublicationpdf%5Bpublication%5D=2821&type=1563347022&cHash=72315b3546dde1e37b204d871cd64859", "Checksum": "009c357d8adb3ca9b08b0b3b521e0c13"}, "Scrapedate": "2025-07-19", "Num": ["IV-2018/33"], "Kopfzeile": [{"Sprachen": ["de"], "Text": "St.Gallen Verwaltungsrekurskommission 23.08.2018 IV-2018/33"}, {"Sprachen": ["fr"], "Text": "Saint-Gall Verwaltungsrekurskommission 23.08.2018 IV-2018/33"}, {"Sprachen": ["it"], "Text": "San Gallo Verwaltungsrekurskommission 23.08.2018 IV-2018/33"}], "Meta": [{"Sprachen": ["de"], "Text": "St.Gallen Verwaltungsrekurskommission "}, {"Sprachen": ["fr"], "Text": "Saint-Gall Verwaltungsrekurskommission "}, {"Sprachen": ["it"], "Text": "San Gallo Verwaltungsrekurskommission "}, {"Sprachen": ["de", "fr", "it"], "Text": "Verkehr"}], "Abstract": [{"Sprachen": ["de", "fr", "it"], "Text": "Art. 15e Abs. 1, Art. 16b Abs. 2 lit. e, Art. 16c Abs. 2 lit. d SVG (SR 741.01). Der Gesetzgeber hat keine Obergrenze f\u00fcr die Sperrfrist nach dem Fahren ohne Ausweis vorgesehen. Aus Gr\u00fcnden der Gleichbehandlung erscheint es sachgerecht, bei der Festlegung der Sperrfristdauer die R\u00fcckfallregeln gem\u00e4ss Art. 16a ff. SVG mitzuber\u00fccksichtigen. F\u00fcr eine Dauer von mehr als f\u00fcnf Jahren liegen keine aktenkundigen Fahrten ohne F\u00fchrerausweis vor, weshalb der Rekurrent wie ein Erstt\u00e4ter zu behandeln ist (Verwaltungsrekurskommission, Abteilung IV, 23. August 2018, IV-2018/33)."}], "ScrapyJob": "446973/61/1836", "Zeit UTC": "19.07.2025 03:51:01", "Checksum": "eecec191202bb1668305c99cd9713891"}