{"Signatur": "SG_VWEK_001", "Spider": "SG_Gerichte", "Datum": "2021-08-20", "PDF": {"Datei": "SG_Gerichte/SG_VWEK_001_IV-2021-19_2021-08-20.pdf", "URL": "https://publikationen.sg.ch/rechtsprechung-gerichte?tx_diamjudicalsg_judicalpublicationpdf%5Bcontroller%5D=DownloadPdf&tx_diamjudicalsg_judicalpublicationpdf%5Bpublication%5D=10455&type=1563347022&cHash=95da0fcdf17931a4ef5d15c041001268", "Checksum": "83d3df0091fa2864f6300474af801d90"}, "Scrapedate": "2025-07-19", "Num": ["IV-2021/19"], "Kopfzeile": [{"Sprachen": ["de"], "Text": "St.Gallen Verwaltungsrekurskommission 20.08.2021 IV-2021/19"}, {"Sprachen": ["fr"], "Text": "Saint-Gall Verwaltungsrekurskommission 20.08.2021 IV-2021/19"}, {"Sprachen": ["it"], "Text": "San Gallo Verwaltungsrekurskommission 20.08.2021 IV-2021/19"}], "Meta": [{"Sprachen": ["de"], "Text": "St.Gallen Verwaltungsrekurskommission "}, {"Sprachen": ["fr"], "Text": "Saint-Gall Verwaltungsrekurskommission "}, {"Sprachen": ["it"], "Text": "San Gallo Verwaltungsrekurskommission "}, {"Sprachen": ["de", "fr", "it"], "Text": "Verkehr"}], "Abstract": [{"Sprachen": ["de", "fr", "it"], "Text": "Art. 16 Abs. 1, Art. 16d Abs. 1 lit. c SVG (SR 741.01); Art. 5c, Art. 11 Abs. 1 lit. c VZV (SR 741.51). Der Rekurrent war knapp drei Monate im Besitz des F\u00fchrerausweises auf Probe, als er einen anderen Motorfahrzeugf\u00fchrer zur Rede stellen, der ihn und andere Fahrzeuge auf der Busspur rechts \u00fcberholt hatte. Er scherte dazu aus der Fahrzeugkolonne aus, fuhr auf die Gegenfahrbahn \u2013 links an Pollern bei einem Fussg\u00e4ngerstreifen vorbei \u2013 und kollidierte mit Pollern beim n\u00e4chsten Fussg\u00e4ngerstreifen, als er sich wieder rechts in den Verkehr einordnen wollte. Im verkehrspsychologischen Gutachten wurde dem Rekurrenten eine schlechte Legalprognose gestellt. Der Gutachter musste die Frageb\u00f6gen der durchgef\u00fchrten Tests nicht herausgeben, weil es sich hierbei nur um ein Hilfsmittel f\u00fcr die Erstellung des Gutachtens handelt. Das Gutachten ist nachvollziehbar und sorgf\u00e4ltig begr\u00fcndet, weshalb die Vorinstanz zu Recht darauf abst\u00fctzen und den F\u00fchrerausweis auf unbestimmte Zeit entziehen durfte (Verwaltungsrekurskommission, Abteilung IV, 20. August 2021, IV-2021/19)."}], "ScrapyJob": "446973/61/1836", "Zeit UTC": "19.07.2025 00:32:40", "Checksum": "54b7a697f480fa40cd03ae9367e27aad"}