{"Signatur": "VD_TC_030", "Spider": "VD_Omni", "Sprache": "fr", "Datum": "2017-05-31", "HTML": {"Datei": "VD_Omni/VD_TC_030_CCST-2017-0002_2017-05-31.html", "URL": "http://www.jurisprudence.vd.ch/scripts/nph-omniscgi.exe?OmnisPlatform=WINDOWS&WebServerUrl=&WebServerScript=/scripts/nph-omniscgi.exe&OmnisLibrary=JURISWEB&OmnisClass=rtFindinfoWebHtmlService&OmnisServer=7001&Parametername=WWW_V4&Schema=VD_TA_WEB&Source=search.fiw&Aufruf=getMarkupDocument&cSprache=FRE&nF30_KEY=174700&W10_KEY=10550253&nTrefferzeile=49&Template=search/standard/results/document.fiw", "Checksum": "048864da2cc48e42c151037aa0032707"}, "Scrapedate": "2023-01-01", "Num": ["CCST.2017.0002"], "Kopfzeile": [{"Sprachen": ["fr", "de", "it"], "Text": "Vaud Tribunal cantonal Cour constitutionnelle 31.05.2017 CCST.2017.0002"}], "Meta": [{"Sprachen": ["de"], "Text": "Waadt  Cour constitutionnelle"}, {"Sprachen": ["fr"], "Text": "Vaud Tribunal cantonal Cour constitutionnelle"}, {"Sprachen": ["it"], "Text": "Vaud  Cour constitutionnelle"}], "Abstract": [{"Sprachen": ["de", "fr", "it"], "Text": "KURZ/Conseil d'Etat, Commune de Bercher | Modification par la municipalit\u00e9 des annexes de deux r\u00e8glements communaux fixant le montant de diverses taxes. Pas de violation du principe de non-r\u00e9troactivit\u00e9 des lois par le fait que la municipalit\u00e9 a d\u00e9cid\u00e9 que les nouveaux tarifs entreraient en vigueur au 15 janvier 2017 avec effet r\u00e9troactif au 1er janvier 2017. Les tarifs ont \u00e9t\u00e9 vot\u00e9s le 7 d\u00e9cembre 2016, ils auraient pu entrer en vigueur d\u00e8s leur adoption. C'est la n\u00e9cessit\u00e9 de tenir compte des d\u00e9lais r\u00e9f\u00e9rendaires et de recours \u00e0 la Cour constitutionnelle qui a pouss\u00e9 l'autorit\u00e9 \u00e0 pr\u00e9voir une entr\u00e9e en vigueur au 15 janvier 2017 avec effet r\u00e9troactif au 1er janvier 2017. Cette mani\u00e8re de proc\u00e9der ne viole nullement les principes de s\u00e9curit\u00e9 du droit et de pr\u00e9visibilit\u00e9. Rejet de la requ\u00eate.\rPar arr\u00eat du 14 juillet 2017 (2C_621/2017), le Tribunal f\u00e9d\u00e9ral a rejet\u00e9 le recours d\u00e9pos\u00e9 contre cet arr\u00eat."}], "ScrapyJob": "446973/40/2238", "Zeit UTC": "10.04.2026 20:26:27", "Checksum": "bf135bc9ae318a7f4d09448de8d2d4d5"}