{"Signatur": "VD_TC_030", "Spider": "VD_Omni", "Sprache": "fr", "Datum": "2021-06-16", "HTML": {"Datei": "VD_Omni/VD_TC_030_CCST-2020-0007_2021-06-16.html", "URL": "http://www.jurisprudence.vd.ch/scripts/nph-omniscgi.exe?OmnisPlatform=WINDOWS&WebServerUrl=&WebServerScript=/scripts/nph-omniscgi.exe&OmnisLibrary=JURISWEB&OmnisClass=rtFindinfoWebHtmlService&OmnisServer=7001&Parametername=WWW_V4&Schema=VD_TA_WEB&Source=search.fiw&Aufruf=getMarkupDocument&cSprache=FRE&nF30_KEY=180452&W10_KEY=10550253&nTrefferzeile=8&Template=search/standard/results/document.fiw", "Checksum": "0d2a297339aac683d42819754a3be28c"}, "Scrapedate": "2023-01-01", "Num": ["CCST.2020.0007"], "Kopfzeile": [{"Sprachen": ["fr", "de", "it"], "Text": "Vaud Tribunal cantonal Cour constitutionnelle 16.06.2021 CCST.2020.0007"}], "Meta": [{"Sprachen": ["de"], "Text": "Waadt  Cour constitutionnelle"}, {"Sprachen": ["fr"], "Text": "Vaud Tribunal cantonal Cour constitutionnelle"}, {"Sprachen": ["it"], "Text": "Vaud  Cour constitutionnelle"}], "Abstract": [{"Sprachen": ["de", "fr", "it"], "Text": "A.________/D\u00e9partement de la sant\u00e9 et de l'action sociale, D\u00e9partement de la formation, de la jeunesse et de la culture | Requ\u00eate dirig\u00e9e contre l\u2019obligation du port du masque pour les \u00e9l\u00e8ves fr\u00e9quentant les classes de 9\u00e8me \u00e0 11\u00e8me ann\u00e9e. \rUne ordonnance l\u00e9gislative \u00e9dict\u00e9e sur d\u00e9l\u00e9gation du Conseil d'Etat par deux d\u00e9partements, non publi\u00e9e \u00e0 la FAO mais envoy\u00e9e par courrier aux personnes concern\u00e9es, peut faire l'objet d'un contr\u00f4le par la Cour constitutionnelle.\rL'int\u00e9r\u00eat de la requ\u00e9rante est toujours actuel m\u00eame si elle scolarise actuellement sa fille \u00e0 domicile.\rRequ\u00eate recevable."}], "ScrapyJob": "446973/40/2238", "Zeit UTC": "10.04.2026 20:26:15", "Checksum": "4132210939867c5c9169fd1c2d9870df"}