{"Signatur": "VD_TC_030", "Spider": "VD_Omni", "Sprache": "fr", "Datum": "2025-11-11", "HTML": {"Datei": "VD_Omni/VD_TC_030_CCST-2025-0029_2025-11-11.html", "URL": "http://www.jurisprudence.vd.ch/scripts/nph-omniscgi.exe?OmnisPlatform=WINDOWS&WebServerUrl=&WebServerScript=/scripts/nph-omniscgi.exe&OmnisLibrary=JURISWEB&OmnisClass=rtFindinfoWebHtmlService&OmnisServer=7001&Parametername=WWW_V4&Schema=VD_TA_WEB&Source=search.fiw&Aufruf=getMarkupDocument&cSprache=FRE&nF30_KEY=185660&W10_KEY=10594046&nTrefferzeile=5&Template=search/standard/results/document.fiw", "Checksum": "2ed322dc85b9cc8e1547481d925386b1"}, "Scrapedate": "2026-03-31", "Num": ["CCST.2025.0029"], "Kopfzeile": [{"Sprachen": ["fr", "de", "it"], "Text": "Vaud Tribunal cantonal Cour constitutionnelle 11.11.2025 CCST.2025.0029"}], "Meta": [{"Sprachen": ["de"], "Text": "Waadt  Cour constitutionnelle"}, {"Sprachen": ["fr"], "Text": "Vaud Tribunal cantonal Cour constitutionnelle"}, {"Sprachen": ["it"], "Text": "Vaud  Cour constitutionnelle"}], "Abstract": [{"Sprachen": ["de", "fr", "it"], "Text": "A.________, B.________, Association des Familles Monoparent ales et Recompos\u00e9es (AFMR), Association Vaudoise pour les droits des Femmes (ADF-Vaud)/Grand Conseil, Conseil d'Etat | Requ\u00eate d\u00e9pos\u00e9e contre l\u2019art. 277m LI de la loi du 29 avril 2025 modifiant la LI, qui pr\u00e9voit que l\u2019art. 14 al. 1, deuxi\u00e8me phrase, nLI, laquelle supprime la responsabilit\u00e9 solidaire entre \u00e9poux s\u00e9par\u00e9s, est applicable aux \u00e9poux dont la s\u00e9paration intervient d\u00e8s la p\u00e9riode fiscale 2026. La disposition attaqu\u00e9e, en tant qu\u2019elle maintient l\u2019application de l\u2019art. 14 al. 1 LI dans sa teneur au 31 d\u00e9cembre 2025 aux \u00e9poux dont la s\u00e9paration intervient ant\u00e9rieurement et jusqu\u2019\u00e0 l\u2019ann\u00e9e 2025 y comprise, n\u2019est pas constitutive d\u2019une discrimination indirecte \u00e0 l\u2019encontre des femmes, la jurisprudence constante du Tribunal f\u00e9d\u00e9ral devant \u00eatre confirm\u00e9e, malgr\u00e9 les statistiques \u00e9mises par l\u2019ACI le 15 janvier 2024 (consid. 3). Elle ne contrevient pas non plus au principe de l\u2019imposition selon la capacit\u00e9 contributive, ni \u00e0 la garantie de la propri\u00e9t\u00e9 priv\u00e9e (consid. 4). Il n\u2019appartient pas \u00e0 la Cour constitutionnelle de se prononcer sur la question de savoir si c\u2019est \u00e0 juste titre que le l\u00e9gislateur n\u2019a pas opt\u00e9 pour la voie de la r\u00e9troactivit\u00e9 proprement dite (consid. 5). Rejet de la requ\u00eate."}], "ScrapyJob": "446973/40/2254", "Zeit UTC": "26.04.2026 01:25:52", "Checksum": "be15cba49e590d4355ea692063c66d91"}