{"Signatur": "VD_TC_031", "Spider": "VD_Omni", "Sprache": "fr", "Datum": "1996-05-24", "HTML": {"Datei": "VD_Omni/VD_TC_031_AC-1996-0070_1996-05-24.html", "URL": "http://www.jurisprudence.vd.ch/scripts/nph-omniscgi.exe?OmnisPlatform=WINDOWS&WebServerUrl=&WebServerScript=/scripts/nph-omniscgi.exe&OmnisLibrary=JURISWEB&OmnisClass=rtFindinfoWebHtmlService&OmnisServer=7001&Parametername=WWW_V4&Schema=VD_TA_WEB&Source=search.fiw&Aufruf=getMarkupDocument&cSprache=FRE&nF30_KEY=31539&W10_KEY=10550259&nTrefferzeile=27&Template=search/standard/results/document.fiw", "Checksum": "481dc34eb583bcadeec156128f3695d6"}, "Scrapedate": "2023-01-01", "Num": ["AC.1996.0070"], "Kopfzeile": [{"Sprachen": ["fr", "de", "it"], "Text": "Vaud Tribunal cantonal Cour de droit administratif et public 24.05.1996 AC.1996.0070"}], "Meta": [{"Sprachen": ["de"], "Text": "Waadt  Cour de droit administratif et public"}, {"Sprachen": ["fr"], "Text": "Vaud Tribunal cantonal Cour de droit administratif et public"}, {"Sprachen": ["it"], "Text": "Vaud  Cour de droit administratif et public"}], "Abstract": [{"Sprachen": ["de", "fr", "it"], "Text": "FRITSCHE et crts c/La Tour-de-Peilz | Lorsque le degr\u00e9 de sensibilit\u00e9 n'a pas encore \u00e9t\u00e9 fix\u00e9 par la planification, il doit \u00eatre fix\u00e9 de cas en cas par l'autorit\u00e9 charg\u00e9e de statuer sur un projet de construction."}], "ScrapyJob": "446973/40/2238", "Zeit UTC": "11.04.2026 04:27:43", "Checksum": "f390335d2d2480cecaa7d03241b62728"}