{"Signatur": "VD_TC_031", "Spider": "VD_Omni", "Sprache": "fr", "Datum": "1996-11-26", "HTML": {"Datei": "VD_Omni/VD_TC_031_AC-1996-0084_1996-11-26.html", "URL": "http://www.jurisprudence.vd.ch/scripts/nph-omniscgi.exe?OmnisPlatform=WINDOWS&WebServerUrl=&WebServerScript=/scripts/nph-omniscgi.exe&OmnisLibrary=JURISWEB&OmnisClass=rtFindinfoWebHtmlService&OmnisServer=7001&Parametername=WWW_V4&Schema=VD_TA_WEB&Source=search.fiw&Aufruf=getMarkupDocument&cSprache=FRE&nF30_KEY=31557&W10_KEY=10550259&nTrefferzeile=32&Template=search/standard/results/document.fiw", "Checksum": "a4d76cc2f741e35f1038b7f0ac9f3cc0"}, "Scrapedate": "2023-01-01", "Num": ["AC.1996.0084"], "Kopfzeile": [{"Sprachen": ["fr", "de", "it"], "Text": "Vaud Tribunal cantonal Cour de droit administratif et public 26.11.1996 AC.1996.0084"}], "Meta": [{"Sprachen": ["de"], "Text": "Waadt  Cour de droit administratif et public"}, {"Sprachen": ["fr"], "Text": "Vaud Tribunal cantonal Cour de droit administratif et public"}, {"Sprachen": ["it"], "Text": "Vaud  Cour de droit administratif et public"}], "Abstract": [{"Sprachen": ["de", "fr", "it"], "Text": "GARCIA Jean-Fran\u00e7ois et crt c/Montagny-pr\u00e8s-Yverdon | Travaux ex\u00e9cut\u00e9s et conformes au droit mat\u00e9riel : superflu donc de trancher la question de la signature des membres de la PPE, et d'ouvrir une enqu\u00eate publique de r\u00e9gularisation."}], "ScrapyJob": "446973/40/2238", "Zeit UTC": "11.04.2026 04:16:07", "Checksum": "98b8bee7a7642f688300b51176474bed"}