{"Signatur": "VD_TC_031", "Spider": "VD_Omni", "Sprache": "fr", "Datum": "1997-05-29", "HTML": {"Datei": "VD_Omni/VD_TC_031_AC-1996-0131_1997-05-29.html", "URL": "http://www.jurisprudence.vd.ch/scripts/nph-omniscgi.exe?OmnisPlatform=WINDOWS&WebServerUrl=&WebServerScript=/scripts/nph-omniscgi.exe&OmnisLibrary=JURISWEB&OmnisClass=rtFindinfoWebHtmlService&OmnisServer=7001&Parametername=WWW_V4&Schema=VD_TA_WEB&Source=search.fiw&Aufruf=getMarkupDocument&cSprache=FRE&nF30_KEY=31593&W10_KEY=10550259&nTrefferzeile=14&Template=search/standard/results/document.fiw", "Checksum": "dd25e858c8e1087f8aacc481d1bccab9"}, "Scrapedate": "2023-01-01", "Num": ["AC.1996.0131"], "Kopfzeile": [{"Sprachen": ["fr", "de", "it"], "Text": "Vaud Tribunal cantonal Cour de droit administratif et public 29.05.1997 AC.1996.0131"}], "Meta": [{"Sprachen": ["de"], "Text": "Waadt  Cour de droit administratif et public"}, {"Sprachen": ["fr"], "Text": "Vaud Tribunal cantonal Cour de droit administratif et public"}, {"Sprachen": ["it"], "Text": "Vaud  Cour de droit administratif et public"}], "Abstract": [{"Sprachen": ["de", "fr", "it"], "Text": "GOLAY Alain c/Municipalit\u00e9 de Denges | La surface de l'avant-toit comprise entre la poutre sabli\u00e8re et la corniche ne doit pas \u00eatre prise en compte dans le calcul de la surface construite dans le mesure o\u00f9 les dimensions sont proportionn\u00e9es au b\u00e2timent."}], "ScrapyJob": "446973/40/2238", "Zeit UTC": "11.04.2026 04:06:28", "Checksum": "3566855c0bb7a849aee321ef11fbaf46"}