{"Signatur": "VD_TC_031", "Spider": "VD_Omni", "Sprache": "fr", "Datum": "1998-07-31", "HTML": {"Datei": "VD_Omni/VD_TC_031_AC-1996-0192_1998-07-31.html", "URL": "http://www.jurisprudence.vd.ch/scripts/nph-omniscgi.exe?OmnisPlatform=WINDOWS&WebServerUrl=&WebServerScript=/scripts/nph-omniscgi.exe&OmnisLibrary=JURISWEB&OmnisClass=rtFindinfoWebHtmlService&OmnisServer=7001&Parametername=WWW_V4&Schema=VD_TA_WEB&Source=search.fiw&Aufruf=getMarkupDocument&cSprache=FRE&nF30_KEY=31651&W10_KEY=10550259&nTrefferzeile=19&Template=search/standard/results/document.fiw", "Checksum": "0abb776fd9690303bde0a801c7322179"}, "Scrapedate": "2023-01-01", "Num": ["AC.1996.0192"], "Kopfzeile": [{"Sprachen": ["fr", "de", "it"], "Text": "Vaud Tribunal cantonal Cour de droit administratif et public 31.07.1998 AC.1996.0192"}], "Meta": [{"Sprachen": ["de"], "Text": "Waadt  Cour de droit administratif et public"}, {"Sprachen": ["fr"], "Text": "Vaud Tribunal cantonal Cour de droit administratif et public"}, {"Sprachen": ["it"], "Text": "Vaud  Cour de droit administratif et public"}], "Abstract": [{"Sprachen": ["de", "fr", "it"], "Text": "TANNER-SEIZ et J.-L. MOLLIEX c/ Municipalit\u00e9 de F\u00e9chy | Ordre contigu respect\u00e9 malgr\u00e9 un retrait de fa\u00e7ade \u00e0 l'\u00e9tage, par rapport \u00e0 la limite de propri\u00e9t\u00e9, pour permettre l'am\u00e9nagement d'une v\u00e9randa."}], "ScrapyJob": "446973/40/2238", "Zeit UTC": "11.04.2026 03:47:32", "Checksum": "3888a4e98e5bc213c3db609b40e7954b"}