{"Signatur": "VD_TC_031", "Spider": "VD_Omni", "Sprache": "fr", "Datum": "2000-05-23", "HTML": {"Datei": "VD_Omni/VD_TC_031_AC-1999-0015_2000-05-23.html", "URL": "http://www.jurisprudence.vd.ch/scripts/nph-omniscgi.exe?OmnisPlatform=WINDOWS&WebServerUrl=&WebServerScript=/scripts/nph-omniscgi.exe&OmnisLibrary=JURISWEB&OmnisClass=rtFindinfoWebHtmlService&OmnisServer=7001&Parametername=WWW_V4&Schema=VD_TA_WEB&Source=search.fiw&Aufruf=getMarkupDocument&cSprache=FRE&nF30_KEY=32134&W10_KEY=10550259&nTrefferzeile=7&Template=search/standard/results/document.fiw", "Checksum": "391638206f85d5f91a58ff5a7e312e26"}, "Scrapedate": "2023-01-01", "Num": ["AC.1999.0015"], "Kopfzeile": [{"Sprachen": ["fr", "de", "it"], "Text": "Vaud Tribunal cantonal Cour de droit administratif et public 23.05.2000 AC.1999.0015"}], "Meta": [{"Sprachen": ["de"], "Text": "Waadt  Cour de droit administratif et public"}, {"Sprachen": ["fr"], "Text": "Vaud Tribunal cantonal Cour de droit administratif et public"}, {"Sprachen": ["it"], "Text": "Vaud  Cour de droit administratif et public"}], "Abstract": [{"Sprachen": ["de", "fr", "it"], "Text": "GARCIA Concepcion c/Mont-sur-Lausanne | Faute d'\u00eatre elle-m\u00eame directement touch\u00e9e, une m\u00e8re n'a pas qualit\u00e9 pour recourir en son propre nom contre une d\u00e9cision concernant sa fille mineure. En outre, pas d'int\u00e9r\u00eat digne de protection \u00e0 faire trancher par le juge administratif une question qui peut l'\u00eatre par l'autorit\u00e9 tut\u00e9laire."}], "ScrapyJob": "446973/40/2238", "Zeit UTC": "11.04.2026 03:23:02", "Checksum": "8da260fcd49f486b462d08adc666cd1b"}