{"Signatur": "VD_TC_031", "Spider": "VD_Omni", "Sprache": "fr", "Datum": "2000-10-05", "HTML": {"Datei": "VD_Omni/VD_TC_031_AC-2000-0001_2000-10-05.html", "URL": "http://www.jurisprudence.vd.ch/scripts/nph-omniscgi.exe?OmnisPlatform=WINDOWS&WebServerUrl=&WebServerScript=/scripts/nph-omniscgi.exe&OmnisLibrary=JURISWEB&OmnisClass=rtFindinfoWebHtmlService&OmnisServer=7001&Parametername=WWW_V4&Schema=VD_TA_WEB&Source=search.fiw&Aufruf=getMarkupDocument&cSprache=FRE&nF30_KEY=32316&W10_KEY=10550259&nTrefferzeile=19&Template=search/standard/results/document.fiw", "Checksum": "20d1d69074071cda13a6e31c9d662b8a"}, "Scrapedate": "2023-01-01", "Num": ["AC.2000.0001"], "Kopfzeile": [{"Sprachen": ["fr", "de", "it"], "Text": "Vaud Tribunal cantonal Cour de droit administratif et public 05.10.2000 AC.2000.0001"}], "Meta": [{"Sprachen": ["de"], "Text": "Waadt  Cour de droit administratif et public"}, {"Sprachen": ["fr"], "Text": "Vaud Tribunal cantonal Cour de droit administratif et public"}, {"Sprachen": ["it"], "Text": "Vaud  Cour de droit administratif et public"}], "Abstract": [{"Sprachen": ["de", "fr", "it"], "Text": "BEGA M\u00d6BEL AG c/Lausanne | Le locataire a en principe la qualit\u00e9 pour recourir contre un plan d'affectation dont la r\u00e9alisation le touche directement dans l'usage des locaux, sauf si le contrat de bail est r\u00e9sili\u00e9, que les locaux sont sous-lou\u00e9s et que les sous-locataires ne pr\u00e9tendent pas subir une g\u00eane par la r\u00e9alisation du plan."}], "ScrapyJob": "446973/40/2238", "Zeit UTC": "11.04.2026 03:15:49", "Checksum": "8a9cf9bf7ce08cbdf3bd5ab2eb043a64"}