{"Signatur": "VD_TC_031", "Spider": "VD_Omni", "Sprache": "fr", "Datum": "2004-09-09", "HTML": {"Datei": "VD_Omni/VD_TC_031_AC-2000-0122_2004-09-09.html", "URL": "http://www.jurisprudence.vd.ch/scripts/nph-omniscgi.exe?OmnisPlatform=WINDOWS&WebServerUrl=&WebServerScript=/scripts/nph-omniscgi.exe&OmnisLibrary=JURISWEB&OmnisClass=rtFindinfoWebHtmlService&OmnisServer=7001&Parametername=WWW_V4&Schema=VD_TA_WEB&Source=search.fiw&Aufruf=getMarkupDocument&cSprache=FRE&nF30_KEY=152281&W10_KEY=10550259&nTrefferzeile=45&Template=search/standard/results/document.fiw", "Checksum": "e0217a6d285005fb0622709e3431313b"}, "Scrapedate": "2023-01-01", "Num": ["AC.2000.0122"], "Kopfzeile": [{"Sprachen": ["fr", "de", "it"], "Text": "Vaud Tribunal cantonal Cour de droit administratif et public 09.09.2004 AC.2000.0122"}], "Meta": [{"Sprachen": ["de"], "Text": "Waadt  Cour de droit administratif et public"}, {"Sprachen": ["fr"], "Text": "Vaud Tribunal cantonal Cour de droit administratif et public"}, {"Sprachen": ["it"], "Text": "Vaud  Cour de droit administratif et public"}], "Abstract": [{"Sprachen": ["de", "fr", "it"], "Text": "SOCIETE D'ART PUBLIC/Commission cantonale consultative d 'urbanisme et d'architecture, D\u00e9partement des infrastructures, Hoirs Grand d'Hauteville, 3 enfants de Wilfred, Municipalit\u00e9 de La Tour-de-Peilz | L'adoption d'un arr\u00eat\u00e9 de classement peut constituer une mesure disproportionn\u00e9e en raison des restrictions qu'il impose au propri\u00e9taire (obligation d'entretien, droit d'expropriation et de pr\u00e9emption en faveur de l'Etat) par rapport aux objectifs de protection recherch\u00e9s. Mais l'\u00e9valuation de la valeur d'un objet dans le cadre des proc\u00e9dures d'\u00e9tablissement des inventaires f\u00e9d\u00e9raux et cantonaux, notamment lors du recensement architectural, constitue un \u00e9l\u00e9ment d'appr\u00e9ciation \u00e0 disposition des autorit\u00e9s pour se prononcer sur l'adoption \u00e9ventuelle d'une zone \u00e0 prot\u00e9ger au sens de l'art. 17 al. 1 LAT ou lors de l'application de la clause d'esth\u00e9tique. Application de la clause d'esth\u00e9tique justifi\u00e9e en l'esp\u00e8ce compte tenu des caract\u00e9ristiques des b\u00e2timents concern\u00e9s et de leur environnement."}], "ScrapyJob": "446973/40/2238", "Zeit UTC": "11.04.2026 02:24:30", "Checksum": "ea6149135aaad6323f07369ff4ee34bc"}