{"Signatur": "VD_TC_031", "Spider": "VD_Omni", "Sprache": "fr", "Datum": "2007-04-26", "HTML": {"Datei": "VD_Omni/VD_TC_031_AC-2006-0157_2007-04-26.html", "URL": "http://www.jurisprudence.vd.ch/scripts/nph-omniscgi.exe?OmnisPlatform=WINDOWS&WebServerUrl=&WebServerScript=/scripts/nph-omniscgi.exe&OmnisLibrary=JURISWEB&OmnisClass=rtFindinfoWebHtmlService&OmnisServer=7001&Parametername=WWW_V4&Schema=VD_TA_WEB&Source=search.fiw&Aufruf=getMarkupDocument&cSprache=FRE&nF30_KEY=157704&W10_KEY=10550259&nTrefferzeile=7&Template=search/standard/results/document.fiw", "Checksum": "6d6ba3601ca7193c8fb06a4fef59b65f"}, "Scrapedate": "2023-01-01", "Num": ["AC.2006.0157"], "Kopfzeile": [{"Sprachen": ["fr", "de", "it"], "Text": "Vaud Tribunal cantonal Cour de droit administratif et public 26.04.2007 AC.2006.0157"}], "Meta": [{"Sprachen": ["de"], "Text": "Waadt  Cour de droit administratif et public"}, {"Sprachen": ["fr"], "Text": "Vaud Tribunal cantonal Cour de droit administratif et public"}, {"Sprachen": ["it"], "Text": "Vaud  Cour de droit administratif et public"}], "Abstract": [{"Sprachen": ["de", "fr", "it"], "Text": "AUBERT/STAEHLIN, Municipalit\u00e9 de Pampigny, WEGMULLER, MONNIER, MONNIER | Le toit du garage \u00e9tant d\u00e9j\u00e0 utilis\u00e9 comme terrasse depuis de nombreuses annn\u00e9es, les travaux (mise \u00e0 niveau du plancher en d\u00e9clivit\u00e9 et remplacement de la barri\u00e8re) ne constituent pas un changement d'affectation. Il ne s'agit pas non plus d'une transformation, en d\u00e9pit de la tr\u00e8s l\u00e9g\u00e8re augmentation de volume impliqu\u00e9e par la mise \u00e0 niveau. N'y change rien le fait que l'am\u00e9lioration de l'esth\u00e9tique et du confort de la terrasse tendent in\u00e9vitablement \u00e0 une certaine augmentation de sa fr\u00e9quentation."}], "ScrapyJob": "446973/40/2238", "Zeit UTC": "11.04.2026 01:37:26", "Checksum": "9c17a153367a8aa62bc7f086a2c75cf9"}