{"Signatur": "VD_TC_031", "Spider": "VD_Omni", "Sprache": "fr", "Datum": "2007-05-23", "HTML": {"Datei": "VD_Omni/VD_TC_031_AC-2006-0226_2007-05-23.html", "URL": "http://www.jurisprudence.vd.ch/scripts/nph-omniscgi.exe?OmnisPlatform=WINDOWS&WebServerUrl=&WebServerScript=/scripts/nph-omniscgi.exe&OmnisLibrary=JURISWEB&OmnisClass=rtFindinfoWebHtmlService&OmnisServer=7001&Parametername=WWW_V4&Schema=VD_TA_WEB&Source=search.fiw&Aufruf=getMarkupDocument&cSprache=FRE&nF30_KEY=157877&W10_KEY=10550259&nTrefferzeile=3&Template=search/standard/results/document.fiw", "Checksum": "9c3655a42876c70b72ef897d2affb9fe"}, "Scrapedate": "2023-01-01", "Num": ["AC.2006.0226"], "Kopfzeile": [{"Sprachen": ["fr", "de", "it"], "Text": "Vaud Tribunal cantonal Cour de droit administratif et public 23.05.2007 AC.2006.0226"}], "Meta": [{"Sprachen": ["de"], "Text": "Waadt  Cour de droit administratif et public"}, {"Sprachen": ["fr"], "Text": "Vaud Tribunal cantonal Cour de droit administratif et public"}, {"Sprachen": ["it"], "Text": "Vaud  Cour de droit administratif et public"}], "Abstract": [{"Sprachen": ["de", "fr", "it"], "Text": "PESENTI, RUMO PESENTI/Municipalit\u00e9 de Valeyres-sous-Montagny, ALLENBACH, ALLENBACH, LOPEZ, Service Immeubles, Patrimoine et Logistique | Coefficient d'utilisation du sol. Il n'y a pas lieu de prendre en compte les terrasses pr\u00e9vues sur les garages d\u00e8s lors qu'il s'agit d'\u00e9l\u00e9ments  ext\u00e9rieurs non-couverts et non-habitables. Il en va de m\u00eame des deux pergolas pr\u00e9vues \u00e0 l'est et \u00e0 l'ouest du b\u00e2timent projet\u00e9, d\u00e8s lors que ces \u00e9l\u00e9ments ne seront que partiellement couverts et munis de simples murs \u00e9crans (parois anti-vents) qui ne montent pas jusqu'\u00e0 la toiture. Les combles n'ont \u00e9galement pas \u00e0 \u00eatre pris en compte, d\u00e8s lors qu'il s'agit de locaux non-chauff\u00e9s avec un sol en b\u00e9ton brut."}], "ScrapyJob": "446973/40/2238", "Zeit UTC": "11.04.2026 01:34:06", "Checksum": "9b7c159bf9b4dcd1c221b6c2a1ffdf0e"}