{"Signatur": "VD_TC_031", "Spider": "VD_Omni", "Sprache": "fr", "Datum": "2007-12-20", "HTML": {"Datei": "VD_Omni/VD_TC_031_AC-2007-0140_2007-12-20.html", "URL": "http://www.jurisprudence.vd.ch/scripts/nph-omniscgi.exe?OmnisPlatform=WINDOWS&WebServerUrl=&WebServerScript=/scripts/nph-omniscgi.exe&OmnisLibrary=JURISWEB&OmnisClass=rtFindinfoWebHtmlService&OmnisServer=7001&Parametername=WWW_V4&Schema=VD_TA_WEB&Source=search.fiw&Aufruf=getMarkupDocument&cSprache=FRE&nF30_KEY=159045&W10_KEY=10550259&nTrefferzeile=4&Template=search/standard/results/document.fiw", "Checksum": "dd681f97d4005c9d936cc75f37e0137e"}, "Scrapedate": "2023-01-01", "Num": ["AC.2007.0140"], "Kopfzeile": [{"Sprachen": ["fr", "de", "it"], "Text": "Vaud Tribunal cantonal Cour de droit administratif et public 20.12.2007 AC.2007.0140"}], "Meta": [{"Sprachen": ["de"], "Text": "Waadt  Cour de droit administratif et public"}, {"Sprachen": ["fr"], "Text": "Vaud Tribunal cantonal Cour de droit administratif et public"}, {"Sprachen": ["it"], "Text": "Vaud  Cour de droit administratif et public"}], "Abstract": [{"Sprachen": ["de", "fr", "it"], "Text": "ZVEREV, ZVEREVA/Municipalit\u00e9 de Paudex, KOTTELAT | Doit \u00eatre pris en consid\u00e9ration dans le calcul du COS un jardin d'hiver entour\u00e9 d'un balcon dress\u00e9 au 1er \u00e9tage d'une villa et support\u00e9 par deux pilotis reposant sur une terrasse de plein pied. Le jardin d'hiver et son balcon ont en effet pour cons\u00e9quence de cr\u00e9er une couverture \u00e9tanche, l'utilisation de la terrasse n'\u00e9tant pas exclue par temps de pluie. Il en va de m\u00eame du balcon. Tant par sa longueur que par l'importance de la surface couverte au sol qu'il implique, un tel ouvrage ne peut \u00eatre assimil\u00e9 aux balcons typiques mais doit \u00eatre compar\u00e9 \u00e0 une coursive. Admission du recours."}], "ScrapyJob": "446973/40/2238", "Zeit UTC": "11.04.2026 01:31:38", "Checksum": "b799b641a35bce7d98a1368871cff783"}