{"Signatur": "VD_TC_031", "Spider": "VD_Omni", "Sprache": "fr", "Datum": "2008-06-13", "HTML": {"Datei": "VD_Omni/VD_TC_031_AC-2007-0276_2008-06-13.html", "URL": "http://www.jurisprudence.vd.ch/scripts/nph-omniscgi.exe?OmnisPlatform=WINDOWS&WebServerUrl=&WebServerScript=/scripts/nph-omniscgi.exe&OmnisLibrary=JURISWEB&OmnisClass=rtFindinfoWebHtmlService&OmnisServer=7001&Parametername=WWW_V4&Schema=VD_TA_WEB&Source=search.fiw&Aufruf=getMarkupDocument&cSprache=FRE&nF30_KEY=159963&W10_KEY=10550255&nTrefferzeile=14&Template=search/standard/results/document.fiw", "Checksum": "429b5b1a789c1f5b487de8b24b1450c0"}, "Scrapedate": "2023-01-01", "Num": ["AC.2007.0276"], "Kopfzeile": [{"Sprachen": ["fr", "de", "it"], "Text": "Vaud Tribunal cantonal Cour de droit administratif et public 13.06.2008 AC.2007.0276"}], "Meta": [{"Sprachen": ["de"], "Text": "Waadt  Cour de droit administratif et public"}, {"Sprachen": ["fr"], "Text": "Vaud Tribunal cantonal Cour de droit administratif et public"}, {"Sprachen": ["it"], "Text": "Vaud  Cour de droit administratif et public"}], "Abstract": [{"Sprachen": ["de", "fr", "it"], "Text": "FLEURY,M\u00dcLLER-EMERY, M\u00dcLLER, HOESLI, SCHNIDER, DOUSSE, REHACEK/Municipalit\u00e9 d'Yverdon-les-Bains, MARCHAND, EXPLAN SA | Le projet est conforme au r\u00e8glement communal tant sous l'angle du \"respect de l'\u00e9chelle du tissu\" (notion juridique ind\u00e9termin\u00e9e) que de la hauteur du b\u00e2timent, de l'esth\u00e9tique, des combles, de l'acc\u00e8s des pi\u00e9tons, de l'am\u00e9nagement et de la localisation (en sous-sol) des places de parc. Le plancher des garages \u00e9tant situ\u00e9 nettement en dessous du niveau du terrain naturel, le volume de ces locaux se trouvant aussi majoritairement en dessous de ce niveau, cet \u00e9tage ne comportant pas de surface habitable, il peut \u00eatre qualifi\u00e9 de sous-sol. \r"}], "ScrapyJob": "446973/40/2238", "Zeit UTC": "11.04.2026 01:12:56", "Checksum": "16ed27760e323583c17e586a2b8b6a7a"}