{"Signatur": "VD_TC_031", "Spider": "VD_Omni", "Sprache": "fr", "Datum": "2012-08-22", "HTML": {"Datei": "VD_Omni/VD_TC_031_AC-2008-0095_2012-08-22.html", "URL": "http://www.jurisprudence.vd.ch/scripts/nph-omniscgi.exe?OmnisPlatform=WINDOWS&WebServerUrl=&WebServerScript=/scripts/nph-omniscgi.exe&OmnisLibrary=JURISWEB&OmnisClass=rtFindinfoWebHtmlService&OmnisServer=7001&Parametername=WWW_V4&Schema=VD_TA_WEB&Source=search.fiw&Aufruf=getMarkupDocument&cSprache=FRE&nF30_KEY=166872&W10_KEY=10550255&nTrefferzeile=50&Template=search/standard/results/document.fiw", "Checksum": "f5b68e3808cf20b7049aa1a555af73e5"}, "Scrapedate": "2023-01-01", "Num": ["AC.2008.0095"], "Kopfzeile": [{"Sprachen": ["fr", "de", "it"], "Text": "Vaud Tribunal cantonal Cour de droit administratif et public 22.08.2012 AC.2008.0095"}], "Meta": [{"Sprachen": ["de"], "Text": "Waadt  Cour de droit administratif et public"}, {"Sprachen": ["fr"], "Text": "Vaud Tribunal cantonal Cour de droit administratif et public"}, {"Sprachen": ["it"], "Text": "Vaud  Cour de droit administratif et public"}], "Abstract": [{"Sprachen": ["de", "fr", "it"], "Text": "Association d'opposition \u00e0 la Collectrice Sud, OVERNEY/BALLESTRAZ, D\u00e9partement des infrastructures, D\u00e9partement des infrastructures, BEYELER, Municipalit\u00e9 d'Yverdon-les-Bains, NETTER, SAUTEREL L\u00e9on, ALPINA SA p.a. VERIFID SA, Service de l'environnement et de l'\u00e9nergie, Service de la mobilit | L'\u00e9volution des circonstances depuis l'adoption d'une planification en 2001, \u00e9labor\u00e9e sur la base d'un plan directeur communal de 1995, permet de consid\u00e9rer que le secteur en cause doit \u00eatre int\u00e9gr\u00e9 dans la zone \u00e0 b\u00e2tir. Toutefois, le classement de l'entier du secteur en zone d'activit\u00e9, vot\u00e9 en 2001, n'est plus conforme aux objectifs actuels de la commune, qui tendent \u00e0 r\u00e9server le secteur au logement dans sa plus grande partie, avec une infrastructure scolaire et \u00e0 une zone d'activit\u00e9 pour le solde, dans le cadre d'une \u00e9tude d'urbanisation de d\u00e9tail (plan partiel d'affectation). Le classement de l'entier du secteur en zone d'activit\u00e9 n'est ainsi plus conforme \u00e0 l'art. 21 al. 2 LAT."}], "ScrapyJob": "446973/40/2238", "Zeit UTC": "10.04.2026 23:41:15", "Checksum": "295faf5da0dec4f06212b256a7410672"}