{"Signatur": "VD_TC_031", "Spider": "VD_Omni", "Sprache": "fr", "Datum": "2011-07-26", "HTML": {"Datei": "VD_Omni/VD_TC_031_AC-2010-0122_2011-07-26.html", "URL": "http://www.jurisprudence.vd.ch/scripts/nph-omniscgi.exe?OmnisPlatform=WINDOWS&WebServerUrl=&WebServerScript=/scripts/nph-omniscgi.exe&OmnisLibrary=JURISWEB&OmnisClass=rtFindinfoWebHtmlService&OmnisServer=7001&Parametername=WWW_V4&Schema=VD_TA_WEB&Source=search.fiw&Aufruf=getMarkupDocument&cSprache=FRE&nF30_KEY=165179&W10_KEY=10550255&nTrefferzeile=44&Template=search/standard/results/document.fiw", "Checksum": "1e165e9f51fcab462ef4f9daf57f4af1"}, "Scrapedate": "2023-01-01", "Num": ["AC.2010.0122"], "Kopfzeile": [{"Sprachen": ["fr", "de", "it"], "Text": "Vaud Tribunal cantonal Cour de droit administratif et public 26.07.2011 AC.2010.0122"}], "Meta": [{"Sprachen": ["de"], "Text": "Waadt  Cour de droit administratif et public"}, {"Sprachen": ["fr"], "Text": "Vaud Tribunal cantonal Cour de droit administratif et public"}, {"Sprachen": ["it"], "Text": "Vaud  Cour de droit administratif et public"}], "Abstract": [{"Sprachen": ["de", "fr", "it"], "Text": "DE KEGHEL c/Municipalit\u00e9 de Gilly, ROLAZ | Refus d'octroi d'un permis de construire une villa, au motif que le coefficient d'occupation du sol (COS) ne serait pas respect\u00e9, d'une part, que les toits plats sont interdits dans la zone en cause, d'autre part. L'appr\u00e9ciation de l'autorit\u00e9 intim\u00e9e, consistant \u00e0 retenir que le caract\u00e8re semi-enterr\u00e9 d'une construction suppose que la moiti\u00e9 de son volume au moins se situe au-dessous du terrain naturel, ne pr\u00eate pas le flanc \u00e0 la critique; le garage projet\u00e9 en l'occurrence doit d\u00e8s lors \u00eatre compris dans le calcul du COS, lequel est ainsi sup\u00e9rieur au maximum autoris\u00e9. Par ailleurs, l'autorit\u00e9 intim\u00e9e n'a pas abus\u00e9 de son pouvoir d'appr\u00e9ciation en qualifiant de \"toits plats\" les surfaces ext\u00e9rieures planes situ\u00e9es \u00e0 un niveau sup\u00e9rieur, peu important \u00e0 cet \u00e9gard que les surfaces en cause soient utilis\u00e9es en tant que terrasses. Enfin, les crit\u00e8res permettant au recourant de se pr\u00e9valoir de l'\u00e9galit\u00e9 dans l'ill\u00e9galit\u00e9 ne sont pas r\u00e9unis dans le cas d'esp\u00e8ce. Recours rejet\u00e9.\r\r"}], "ScrapyJob": "446973/40/2238", "Zeit UTC": "11.04.2026 00:03:39", "Checksum": "92411d14fecda55fb27642980750c7bb"}