{"Signatur": "VD_TC_031", "Spider": "VD_Omni", "Sprache": "fr", "Datum": "2011-01-12", "HTML": {"Datei": "VD_Omni/VD_TC_031_AC-2010-0228_2011-01-12.html", "URL": "http://www.jurisprudence.vd.ch/scripts/nph-omniscgi.exe?OmnisPlatform=WINDOWS&WebServerUrl=&WebServerScript=/scripts/nph-omniscgi.exe&OmnisLibrary=JURISWEB&OmnisClass=rtFindinfoWebHtmlService&OmnisServer=7001&Parametername=WWW_V4&Schema=VD_TA_WEB&Source=search.fiw&Aufruf=getMarkupDocument&cSprache=FRE&nF30_KEY=164318&W10_KEY=10550255&nTrefferzeile=13&Template=search/standard/results/document.fiw", "Checksum": "897064ff6c9b25a04675aa123a1d42d0"}, "Scrapedate": "2023-01-01", "Num": ["AC.2010.0228"], "Kopfzeile": [{"Sprachen": ["fr", "de", "it"], "Text": "Vaud Tribunal cantonal Cour de droit administratif et public 12.01.2011 AC.2010.0228"}], "Meta": [{"Sprachen": ["de"], "Text": "Waadt  Cour de droit administratif et public"}, {"Sprachen": ["fr"], "Text": "Vaud Tribunal cantonal Cour de droit administratif et public"}, {"Sprachen": ["it"], "Text": "Vaud  Cour de droit administratif et public"}], "Abstract": [{"Sprachen": ["de", "fr", "it"], "Text": "CH\u00c2TELAIN/Municipalit\u00e9 de Valeyres-sous- Montagny, JEANNERET, ISOZ, SCHLAEFLI, PAHUD, Etablissement cantonal d'assurance contre l'incendie et les \u00e9l\u00e9ments | Projet de construction d'une villa double qui n'est pas localis\u00e9 dans une zone de glissement r\u00e9pertori\u00e9e.\rIl est contraire au principe de proportionnalit\u00e9 d'exiger, au stade du permis de construire, l'\u00e9tablissement d'un rapport g\u00e9ologique et g\u00e9otechnique complet (rappel de jurisprudence).\rIl appartient \u00e0 la municipalit\u00e9, et non pas \u00e0 la cour de c\u00e9ans, de se prononcer sur une \u00e9ventuelle consolidation, le cas \u00e9ch\u00e9ant, d\u00e9molition de la villa du recourant en vertu de l'art. 92 LATC. \rUn \u00e9ventuel litige portant sur les d\u00e9g\u00e2ts que pourrait occasionner la construction projet\u00e9e sur le b\u00e2timent du recourant rel\u00e8ve du droit priv\u00e9 dans le cadre duquel il appartient au recourant d'apporter la preuve, cas \u00e9ch\u00e9ant \u00e0 ses propres frais, de l'origine des dommages pour lesquels il demande r\u00e9paration."}], "ScrapyJob": "446973/40/2238", "Zeit UTC": "11.04.2026 00:16:22", "Checksum": "497894cde5b1532937d3889d3684734f"}