{"Signatur": "VD_TC_031", "Spider": "VD_Omni", "Sprache": "fr", "Datum": "2011-04-29", "HTML": {"Datei": "VD_Omni/VD_TC_031_AC-2010-0287_2011-04-29.html", "URL": "http://www.jurisprudence.vd.ch/scripts/nph-omniscgi.exe?OmnisPlatform=WINDOWS&WebServerUrl=&WebServerScript=/scripts/nph-omniscgi.exe&OmnisLibrary=JURISWEB&OmnisClass=rtFindinfoWebHtmlService&OmnisServer=7001&Parametername=WWW_V4&Schema=VD_TA_WEB&Source=search.fiw&Aufruf=getMarkupDocument&cSprache=FRE&nF30_KEY=164849&W10_KEY=10550255&nTrefferzeile=50&Template=search/standard/results/document.fiw", "Checksum": "cc4c806fa4f5f369734c6d6f48a40e82"}, "Scrapedate": "2023-01-01", "Num": ["AC.2010.0287"], "Kopfzeile": [{"Sprachen": ["fr", "de", "it"], "Text": "Vaud Tribunal cantonal Cour de droit administratif et public 29.04.2011 AC.2010.0287"}], "Meta": [{"Sprachen": ["de"], "Text": "Waadt  Cour de droit administratif et public"}, {"Sprachen": ["fr"], "Text": "Vaud Tribunal cantonal Cour de droit administratif et public"}, {"Sprachen": ["it"], "Text": "Vaud  Cour de droit administratif et public"}], "Abstract": [{"Sprachen": ["de", "fr", "it"], "Text": "MENTHONNEX-SCHAFFNER/D\u00e9partement de l'\u00e9conomie, CONSEIL COMMUNAL DE CHAVANNES-PR\u00c8S-RENENS, Service de l'environnement et de l'\u00e9nergie, MENETREY, DE BALTHASAR, PASCHE, Immo-D\u00e9fi S\u00e0rl, R\u00dcEGER,    REBSTEIN, Etat de Vaud, VERNEZ, MARTIN-VERNEZ, | Le droit d'\u00eatre entendu dans une proc\u00e9dure d'adoption d'un plan d'affectation n'implique pas la facult\u00e9 de se d\u00e9terminer sur le projet de r\u00e9ponse \u00e0 l'opposition que la municipalit\u00e9 soumet au l\u00e9gislatif communal. Sur le fond, reprise pour l'essentiel de griefs d\u00e9j\u00e0 trait\u00e9s dans un arr\u00eat pr\u00e9c\u00e9dent concernant le m\u00eame plan (arr\u00eat AC.2008.0138). Pas besoin d'\u00e9tudes compl\u00e9mentaires en ce qui concerne le trafic d\u00e8s lors que les donn\u00e9es utilis\u00e9es dans le rapport 47 OAT, datant de 2008, sont suffisamment r\u00e9centes. Le fractionnement d'une des parcelles sise dans le p\u00e9rim\u00e8tre du plan n'a pas d'incidence sur ce dernier, notamment en ce qui concerne le potentiel constructible, qui est fix\u00e9 par p\u00e9rim\u00e8tres d'implantation. Le fait qu'un b\u00e2timent existant n'ait pas \u00e9t\u00e9 pris en compte dans les calculs figurant dans le rapport 47 OAT en ce qui concerne le CUS ne remet pas en cause le fait que la densification permise par le plan de quartier est admissible."}], "ScrapyJob": "446973/40/2238", "Zeit UTC": "11.04.2026 00:07:00", "Checksum": "2601a0228dc8c7a88bc8f43927923edf"}