{"Signatur": "VD_TC_031", "Spider": "VD_Omni", "Sprache": "fr", "Datum": "2011-04-28", "HTML": {"Datei": "VD_Omni/VD_TC_031_AC-2011-0040_2011-04-28.html", "URL": "http://www.jurisprudence.vd.ch/scripts/nph-omniscgi.exe?OmnisPlatform=WINDOWS&WebServerUrl=&WebServerScript=/scripts/nph-omniscgi.exe&OmnisLibrary=JURISWEB&OmnisClass=rtFindinfoWebHtmlService&OmnisServer=7001&Parametername=WWW_V4&Schema=VD_TA_WEB&Source=search.fiw&Aufruf=getMarkupDocument&cSprache=FRE&nF30_KEY=164835&W10_KEY=10550255&nTrefferzeile=14&Template=search/standard/results/document.fiw", "Checksum": "ec75f92d06126b84627eb3c909302d55"}, "Scrapedate": "2023-01-01", "Num": ["AC.2011.0040"], "Kopfzeile": [{"Sprachen": ["fr", "de", "it"], "Text": "Vaud Tribunal cantonal Cour de droit administratif et public 28.04.2011 AC.2011.0040"}], "Meta": [{"Sprachen": ["de"], "Text": "Waadt  Cour de droit administratif et public"}, {"Sprachen": ["fr"], "Text": "Vaud Tribunal cantonal Cour de droit administratif et public"}, {"Sprachen": ["it"], "Text": "Vaud  Cour de droit administratif et public"}], "Abstract": [{"Sprachen": ["de", "fr", "it"], "Text": "EHRAT/Municipalit\u00e9 de Sugnens, Service des for\u00eats, de la faune et de la nature | Le recourant n'explique pas quels liens particuliers il aurait avec l'am\u00e9nagement d'un chemin forestier et d'une place de d\u00e9p\u00f4t de bois sur une parcelle communale priv\u00e9e, ni quel pr\u00e9judice lui porteraient ces ouvrages. Il se contente d'invoquer sa qualit\u00e9 de citoyen usant de son \"droit d'expression\", de \"d\u00e9fenseur de la nature, des for\u00eats et de la faune\" et de personne ayant l'exercice des droits civils. La libert\u00e9 d'expression (art. 16 al. 2 Cst) n'emporte pas le droit d'intervenir en toutes circonstances et en toute proc\u00e9dure, ind\u00e9pendamment des conditions pos\u00e9es par la loi. Il en va de m\u00eame de l'exercice des droits civils (art. 12 CC), la capacit\u00e9 d'ester en justice ne se confondant pas avec la qualit\u00e9 pour agir. Enfin, aucune loi n'habilite les pr\u00e9pos\u00e9s agricoles \u00e0 recourir contre des d\u00e9cisions administratives cantonales ou communales. Recours irrecevable. (Recours au TF rejet\u00e9e par arr\u00eat 1C_244/2011 du 31 ao\u00fbt 2011)."}], "ScrapyJob": "446973/40/2238", "Zeit UTC": "11.04.2026 00:08:51", "Checksum": "c709b1b0d727012ff669161ff3152dd4"}