{"Signatur": "VD_TC_031", "Spider": "VD_Omni", "Sprache": "fr", "Datum": "2012-06-28", "HTML": {"Datei": "VD_Omni/VD_TC_031_AC-2011-0134_2012-06-28.html", "URL": "http://www.jurisprudence.vd.ch/scripts/nph-omniscgi.exe?OmnisPlatform=WINDOWS&WebServerUrl=&WebServerScript=/scripts/nph-omniscgi.exe&OmnisLibrary=JURISWEB&OmnisClass=rtFindinfoWebHtmlService&OmnisServer=7001&Parametername=WWW_V4&Schema=VD_TA_WEB&Source=search.fiw&Aufruf=getMarkupDocument&cSprache=FRE&nF30_KEY=166660&W10_KEY=10550255&nTrefferzeile=35&Template=search/standard/results/document.fiw", "Checksum": "18b8e648317958ee66c1fda56d2e6ba1"}, "Scrapedate": "2023-01-01", "Num": ["AC.2011.0134"], "Kopfzeile": [{"Sprachen": ["fr", "de", "it"], "Text": "Vaud Tribunal cantonal Cour de droit administratif et public 28.06.2012 AC.2011.0134"}], "Meta": [{"Sprachen": ["de"], "Text": "Waadt  Cour de droit administratif et public"}, {"Sprachen": ["fr"], "Text": "Vaud Tribunal cantonal Cour de droit administratif et public"}, {"Sprachen": ["it"], "Text": "Vaud  Cour de droit administratif et public"}], "Abstract": [{"Sprachen": ["de", "fr", "it"], "Text": "REYHOLDING SA/Municipalit\u00e9 de Pully, FONTANNAZ, CACHIN, Service des for\u00eats, de la faune et de la nature | Recours contre une d\u00e9cision communale refusant d'autoriser l'abattage d'un arbre isol\u00e9. Celui-ci, d'un diam\u00e8tre de 64 cm et d'une hauteur de 25 m, est situ\u00e9 dans le jardin d'une parcelle comportant une maison d'habitation. Le fait qu'il s'agit d'un arbre prot\u00e9g\u00e9 n'est pas contest\u00e9, le r\u00e8glement communal le pr\u00e9voyant pour tous les arbres d'un diam\u00e8tre sup\u00e9rieur \u00e0 30 cm. Contrairement \u00e0 ce qu'affirme le recourant, l'\u00e9tat sanitaire de l'arbre est bon et il n'y a pas de r\u00e9el danger de chute. Sa pr\u00e9sence obscurcit certes quelque peu deux des appartements qui se trouvent dans l'immeuble situ\u00e9 sur cette parcelle. Toutefois, une taille de l'arbre, telle que pr\u00e9conis\u00e9e par la Commune, permettrait de limiter cet inconv\u00e9nient. L'\u00e2ge de l'arbre, soit 60 \u00e0 70 ans, de m\u00eame que sa valeur esth\u00e9tique, doivent \u00e9galement \u00eatre pris en compte dans la pes\u00e9e des int\u00e9r\u00eats \u00e0 laquelle il convient de proc\u00e9der. Rejet du recours."}], "ScrapyJob": "446973/40/2238", "Zeit UTC": "10.04.2026 23:45:13", "Checksum": "e0d25e489e652544a50f8dc941be81bd"}