{"Signatur": "VD_TC_031", "Spider": "VD_Omni", "Sprache": "fr", "Datum": "2012-10-31", "HTML": {"Datei": "VD_Omni/VD_TC_031_AC-2011-0252_2012-10-31.html", "URL": "http://www.jurisprudence.vd.ch/scripts/nph-omniscgi.exe?OmnisPlatform=WINDOWS&WebServerUrl=&WebServerScript=/scripts/nph-omniscgi.exe&OmnisLibrary=JURISWEB&OmnisClass=rtFindinfoWebHtmlService&OmnisServer=7001&Parametername=WWW_V4&Schema=VD_TA_WEB&Source=search.fiw&Aufruf=getMarkupDocument&cSprache=FRE&nF30_KEY=167382&W10_KEY=10550255&nTrefferzeile=24&Template=search/standard/results/document.fiw", "Checksum": "c321a568a408aa3fdadbf7c07a9b5a1d"}, "Scrapedate": "2023-01-01", "Num": ["AC.2011.0252"], "Kopfzeile": [{"Sprachen": ["fr", "de", "it"], "Text": "Vaud Tribunal cantonal Cour de droit administratif et public 31.10.2012 AC.2011.0252"}], "Meta": [{"Sprachen": ["de"], "Text": "Waadt  Cour de droit administratif et public"}, {"Sprachen": ["fr"], "Text": "Vaud Tribunal cantonal Cour de droit administratif et public"}, {"Sprachen": ["it"], "Text": "Vaud  Cour de droit administratif et public"}], "Abstract": [{"Sprachen": ["de", "fr", "it"], "Text": "PARLEVLIET/Municipalit\u00e9 de Morges, DIZERENS, AGUET | Notion d'habitat group\u00e9. La r\u00e8glementation du PPA Le Moulin \u00e0 Morges pr\u00e9voit que les parcelles de moins de 1200 m2 sont destin\u00e9 \u00e0 l'habitat individuel ou group\u00e9, contrairement aux parcelles de plus de 1200m2 destin\u00e9es \u00e0 l'habitat collectif. La notion d'habitat group\u00e9 doit \u00eatre pr\u00e9cis\u00e9e en ce sens qu'elle se distingue de celle de l'habitat collectif car elle implique l'am\u00e9nagement d'acc\u00e8s individualis\u00e9s aux logements par des espaces priv\u00e9s ext\u00e9rieurs rattach\u00e9s \u00e0 l'entr\u00e9e du logement. L'habitat group\u00e9 peut donc prendre la forme d'unit\u00e9s de logements juxtapos\u00e9es b\u00e9n\u00e9ficiant chacune d'un acc\u00e8s ind\u00e9pendant par un espace priv\u00e9 ext\u00e9rieur rattach\u00e9 \u00e0 l'entr\u00e9e du logement et par des jardins privatifs ou terrasses situ\u00e9s dans le prolongement ext\u00e9rieur du logement, mais aussi la forme d'unit\u00e9s de logement superpos\u00e9es avec un espace de distribution assurant un acc\u00e8s individuel au logement par un espace priv\u00e9 ext\u00e9rieur au moyen, par exemple, de l'am\u00e9nagement de coursives."}], "ScrapyJob": "446973/40/2238", "Zeit UTC": "10.04.2026 23:38:17", "Checksum": "2c9e8a72839edb9460bf94bd734884e4"}