{"Signatur": "VD_TC_031", "Spider": "VD_Omni", "Sprache": "fr", "Datum": "2012-11-12", "HTML": {"Datei": "VD_Omni/VD_TC_031_AC-2011-0281_2012-11-12.html", "URL": "http://www.jurisprudence.vd.ch/scripts/nph-omniscgi.exe?OmnisPlatform=WINDOWS&WebServerUrl=&WebServerScript=/scripts/nph-omniscgi.exe&OmnisLibrary=JURISWEB&OmnisClass=rtFindinfoWebHtmlService&OmnisServer=7001&Parametername=WWW_V4&Schema=VD_TA_WEB&Source=search.fiw&Aufruf=getMarkupDocument&cSprache=FRE&nF30_KEY=167222&W10_KEY=10550255&nTrefferzeile=25&Template=search/standard/results/document.fiw", "Checksum": "7c6ee65ad322fa90c19a293422412963"}, "Scrapedate": "2026-04-10", "Num": ["AC.2011.0281"], "Kopfzeile": [{"Sprachen": ["fr", "de", "it"], "Text": "Vaud Tribunal cantonal Cour de droit administratif et public 12.11.2012 AC.2011.0281"}], "Meta": [{"Sprachen": ["de"], "Text": "Waadt  Cour de droit administratif et public"}, {"Sprachen": ["fr"], "Text": "Vaud Tribunal cantonal Cour de droit administratif et public"}, {"Sprachen": ["it"], "Text": "Vaud  Cour de droit administratif et public"}], "Abstract": [{"Sprachen": ["de", "fr", "it"], "Text": "HELVETIA NOSTRA, SOS Arvel, BIANCHIN, BIANCHIN, Gerber, Gerber, PASTORE, PASTORE, RHYNER/Service des for\u00eats, de la faune et de la nature, Municipalit\u00e9 de Villeneuve, Municipalit\u00e9 de Noville, Carri\u00e8re d'Arvel SA, D\u00e9partement de la s\u00e9curit\u00e9 et de l'environnement, COMMISSION FED. POUR LA PROTECTION DE | Projet de s\u00e9curisation du \" Ch\u00e2ble du Midi \" des carri\u00e8res d'Arvel. Les travaux d'assainissement, jug\u00e9s indispensable en raison de risques de nouveaux \u00e9boulements, n\u00e9cessitent une extension du p\u00e9rim\u00e8tre actuel et un d\u00e9frichement d'une surface de 13'415 m2. Une d\u00e9rogation \u00e0 l'interdiction de d\u00e9fricher peut \u00eatre accord\u00e9e, au vu de l'instabilit\u00e9 du site et des risques engendr\u00e9s. L'int\u00e9r\u00eat de la s\u00e9curit\u00e9 publique est sup\u00e9rieur \u00e0 celui de la conservation des fonctions foresti\u00e8res du p\u00e9rim\u00e8tre (consid. 9).\rRecours au Tribunal f\u00e9d\u00e9ral admis (1C_644/2012 du 4 septembre 2013)."}], "ScrapyJob": "446973/40/2238", "Zeit UTC": "10.04.2026 23:37:48", "Checksum": "0205649ecc5fdc2f87c34a8ee5d9a94a"}