{"Signatur": "VD_TC_031", "Spider": "VD_Omni", "Sprache": "fr", "Datum": "2014-10-07", "HTML": {"Datei": "VD_Omni/VD_TC_031_AC-2011-0322_2014-10-07.html", "URL": "http://www.jurisprudence.vd.ch/scripts/nph-omniscgi.exe?OmnisPlatform=WINDOWS&WebServerUrl=&WebServerScript=/scripts/nph-omniscgi.exe&OmnisLibrary=JURISWEB&OmnisClass=rtFindinfoWebHtmlService&OmnisServer=7001&Parametername=WWW_V4&Schema=VD_TA_WEB&Source=search.fiw&Aufruf=getMarkupDocument&cSprache=FRE&nF30_KEY=170522&W10_KEY=10550255&nTrefferzeile=19&Template=search/standard/results/document.fiw", "Checksum": "78697b9bd44e9b3cce60f809ce715179"}, "Scrapedate": "2026-04-10", "Num": ["AC.2011.0322"], "Kopfzeile": [{"Sprachen": ["fr", "de", "it"], "Text": "Vaud Tribunal cantonal Cour de droit administratif et public 07.10.2014 AC.2011.0322"}], "Meta": [{"Sprachen": ["de"], "Text": "Waadt  Cour de droit administratif et public"}, {"Sprachen": ["fr"], "Text": "Vaud Tribunal cantonal Cour de droit administratif et public"}, {"Sprachen": ["it"], "Text": "Vaud  Cour de droit administratif et public"}], "Abstract": [{"Sprachen": ["de", "fr", "it"], "Text": "Municipalit\u00e9 de Buchillon/Municipalit\u00e9 d'Allaman, Municipalit\u00e9 d'Etoy, Municipalit\u00e9 de St-Prex, D\u00e9partement de l'int\u00e9rieur, PFISTER MEUBLES SA, AMAUDRUZ, AGUET, Direction g\u00e9n\u00e9rale de la mobilit\u00e9 et des routes, Direction g\u00e9n\u00e9rale de l'environnement | L'aire d'arborisation structurante pr\u00e9vue par le PAC 299 bis r\u00e9vis\u00e9 est conforme \u00e0 l'un des buts et principes r\u00e9gissant l'am\u00e9nagement du territoire, visant \u00e0 \" m\u00e9nager dans le milieu b\u00e2ti de nombreux aires de verdure et espaces plant\u00e9s d'arbres \" (art. 3 al. 3 let. c LAT) et elle doit \u00eatre maintenue."}], "ScrapyJob": "446973/40/2238", "Zeit UTC": "10.04.2026 22:57:51", "Checksum": "f77b7ecb9581c045c89425dda0125709"}