{"Signatur": "VD_TC_031", "Spider": "VD_Omni", "Sprache": "fr", "Datum": "2014-10-07", "HTML": {"Datei": "VD_Omni/VD_TC_031_AC-2011-0331_2014-10-07.html", "URL": "http://www.jurisprudence.vd.ch/scripts/nph-omniscgi.exe?OmnisPlatform=WINDOWS&WebServerUrl=&WebServerScript=/scripts/nph-omniscgi.exe&OmnisLibrary=JURISWEB&OmnisClass=rtFindinfoWebHtmlService&OmnisServer=7001&Parametername=WWW_V4&Schema=VD_TA_WEB&Source=search.fiw&Aufruf=getMarkupDocument&cSprache=FRE&nF30_KEY=177149&W10_KEY=10550255&nTrefferzeile=6&Template=search/standard/results/document.fiw", "Checksum": "75ed45491c1dab864c18951bde3a78a5"}, "Scrapedate": "2026-04-10", "Num": ["AC.2011.0331"], "Kopfzeile": [{"Sprachen": ["fr", "de", "it"], "Text": "Vaud Tribunal cantonal Cour de droit administratif et public 07.10.2014 AC.2011.0331"}], "Meta": [{"Sprachen": ["de"], "Text": "Waadt  Cour de droit administratif et public"}, {"Sprachen": ["fr"], "Text": "Vaud Tribunal cantonal Cour de droit administratif et public"}, {"Sprachen": ["it"], "Text": "Vaud  Cour de droit administratif et public"}], "Abstract": [{"Sprachen": ["de", "fr", "it"], "Text": "IKEA SA, INTER IKEA CENTRE SWITZERLAND SA/Municipalit\u00e9 d'Allaman, Municipalit\u00e9 d'Aubonne, Municipalit\u00e9 d'Etoy, D\u00e9partement de l'int\u00e9rieur, Direction g\u00e9n\u00e9rale de la mobilit\u00e9 et des routes | La r\u00e8gle du PAC 299 bis selon laquelle les mesures d\u2019am\u00e9nagements routiers propres \u00e0 assurer la fluidit\u00e9 du trafic lorsque le trafic journalier de pointe exc\u00e8de le 130% du trafic journalier moyen autoris\u00e9, sont \u00e0 la charge du propri\u00e9taire du bien-fonds concern\u00e9 (art. 39 RPAC) manque de pr\u00e9cision sur le mode de calcul du trafic de pointe. En outre, le but d\u2019une telle r\u00e8gle n\u2019est pas compatible avec le devoir d\u2019assainissement et avec les principes de r\u00e9partition de charges et de coordination li\u00e9s \u00e0 la mise en \u0153uvre du plan des mesures OPair.\r\rEn revanche, les dispositions concernant les \u00e9quipements et am\u00e9nagements \u00e0 r\u00e9aliser par les collectivit\u00e9s et les contributions aux frais d\u2019\u00e9quipement (art. 41 et 42 RPAC) sont conformes aux dispositions du droit cantonal et f\u00e9d\u00e9ral en mati\u00e8re d\u2019\u00e9quipement et reposent sur une base l\u00e9gale suffisante.  \r"}], "ScrapyJob": "446973/40/2238", "Zeit UTC": "10.04.2026 22:58:56", "Checksum": "9fe82ff4db61f3f82799291ed74fd20d"}