{"Signatur": "VD_TC_031", "Spider": "VD_Omni", "Sprache": "fr", "Datum": "2013-06-06", "HTML": {"Datei": "VD_Omni/VD_TC_031_AC-2012-0095_2013-06-06.html", "URL": "http://www.jurisprudence.vd.ch/scripts/nph-omniscgi.exe?OmnisPlatform=WINDOWS&WebServerUrl=&WebServerScript=/scripts/nph-omniscgi.exe&OmnisLibrary=JURISWEB&OmnisClass=rtFindinfoWebHtmlService&OmnisServer=7001&Parametername=WWW_V4&Schema=VD_TA_WEB&Source=search.fiw&Aufruf=getMarkupDocument&cSprache=FRE&nF30_KEY=168336&W10_KEY=10550255&nTrefferzeile=12&Template=search/standard/results/document.fiw", "Checksum": "e85fbf6edac0ec78f1513272a95c19f2"}, "Scrapedate": "2023-01-01", "Num": ["AC.2012.0095"], "Kopfzeile": [{"Sprachen": ["fr", "de", "it"], "Text": "Vaud Tribunal cantonal Cour de droit administratif et public 06.06.2013 AC.2012.0095"}], "Meta": [{"Sprachen": ["de"], "Text": "Waadt  Cour de droit administratif et public"}, {"Sprachen": ["fr"], "Text": "Vaud Tribunal cantonal Cour de droit administratif et public"}, {"Sprachen": ["it"], "Text": "Vaud  Cour de droit administratif et public"}], "Abstract": [{"Sprachen": ["de", "fr", "it"], "Text": "DIRREN, WEBER, GERBER, LAENG, PARACHINI, ZUERCHER/D\u00e9partement de l'int\u00e9rieur, Ccl du SAF des Roches, Conseil communal de Vully-les-Lacs, Syndicat AF des Roches, GAILLET, Direction g\u00e9n\u00e9rale de l'environnement | Arr\u00eat rectificatif \u00e0 la suite d'une erreur relative \u00e0 la d\u00e9signation des personnes d\u00e9bitrices des d\u00e9pens."}], "ScrapyJob": "446973/40/2238", "Zeit UTC": "10.04.2026 23:36:16", "Checksum": "f73cfca12d3d5184bde4633fdf774285"}