{"Signatur": "VD_TC_031", "Spider": "VD_Omni", "Sprache": "fr", "Datum": "2013-01-28", "HTML": {"Datei": "VD_Omni/VD_TC_031_AC-2012-0143_2013-01-28.html", "URL": "http://www.jurisprudence.vd.ch/scripts/nph-omniscgi.exe?OmnisPlatform=WINDOWS&WebServerUrl=&WebServerScript=/scripts/nph-omniscgi.exe&OmnisLibrary=JURISWEB&OmnisClass=rtFindinfoWebHtmlService&OmnisServer=7001&Parametername=WWW_V4&Schema=VD_TA_WEB&Source=search.fiw&Aufruf=getMarkupDocument&cSprache=FRE&nF30_KEY=167665&W10_KEY=10550255&nTrefferzeile=31&Template=search/standard/results/document.fiw", "Checksum": "c7b4d8691af6ee9ba8986f30d9ec0552"}, "Scrapedate": "2023-01-01", "Num": ["AC.2012.0143"], "Kopfzeile": [{"Sprachen": ["fr", "de", "it"], "Text": "Vaud Tribunal cantonal Cour de droit administratif et public 28.01.2013 AC.2012.0143"}], "Meta": [{"Sprachen": ["de"], "Text": "Waadt  Cour de droit administratif et public"}, {"Sprachen": ["fr"], "Text": "Vaud Tribunal cantonal Cour de droit administratif et public"}, {"Sprachen": ["it"], "Text": "Vaud  Cour de droit administratif et public"}], "Abstract": [{"Sprachen": ["de", "fr", "it"], "Text": "AMIR-MEIGE, EHRAT, SCHWENDI/Municipalit\u00e9 de Montilliez, DUTOIT | Rappel de la jurisprudence relative \u00e0 la prise en compte des balcons dans le calcul de la surface b\u00e2tie, et application au cas d'esp\u00e8ce (consid. 2)."}], "ScrapyJob": "446973/40/2238", "Zeit UTC": "10.04.2026 23:30:56", "Checksum": "8c153b23177de3bc8ad48bddbff87455"}