{"Signatur": "VD_TC_031", "Spider": "VD_Omni", "Sprache": "fr", "Datum": "2013-11-26", "HTML": {"Datei": "VD_Omni/VD_TC_031_AC-2013-0059_2013-11-26.html", "URL": "http://www.jurisprudence.vd.ch/scripts/nph-omniscgi.exe?OmnisPlatform=WINDOWS&WebServerUrl=&WebServerScript=/scripts/nph-omniscgi.exe&OmnisLibrary=JURISWEB&OmnisClass=rtFindinfoWebHtmlService&OmnisServer=7001&Parametername=WWW_V4&Schema=VD_TA_WEB&Source=search.fiw&Aufruf=getMarkupDocument&cSprache=FRE&nF30_KEY=169173&W10_KEY=10550255&nTrefferzeile=48&Template=search/standard/results/document.fiw", "Checksum": "7dfa5a87e08a4ae03ea9119ee2f1ee55"}, "Scrapedate": "2023-01-01", "Num": ["AC.2013.0059"], "Kopfzeile": [{"Sprachen": ["fr", "de", "it"], "Text": "Vaud Tribunal cantonal Cour de droit administratif et public 26.11.2013 AC.2013.0059"}], "Meta": [{"Sprachen": ["de"], "Text": "Waadt  Cour de droit administratif et public"}, {"Sprachen": ["fr"], "Text": "Vaud Tribunal cantonal Cour de droit administratif et public"}, {"Sprachen": ["it"], "Text": "Vaud  Cour de droit administratif et public"}], "Abstract": [{"Sprachen": ["de", "fr", "it"], "Text": "BURRI, DUFOUR, ABU OMAR, SCHWARZBOURG, COCHAND, FUKAMI, THURLER, MULLER, IMHOF, SEVERIN, VON MOOS, ALBRECHT, SOW, HUBLER, SILVA, MAGET, SCHOPFER, BONNEMAIN, ARNAUT, ZELLER, BEROUD, ARNAUT HUSEJNOVIC, HUSEJNOVIC, SCHARMAY, MEER, NICOLAY, DUPUIS, LOXTON, VOELKE, CAMPICHE, VOUGA, FOURNIER | Plan d'affectation cantonal \u00e9labor\u00e9 pour permettre la cr\u00e9ation d'un p\u00f4le mus\u00e9al comprenant le mus\u00e9e cantonal des beaux arts \u00e0 proximit\u00e9 de la gare de Lausanne (PAC no 332 ). Le fait que les acc\u00e8s routiers sont engorg\u00e9s \u00e0 certaines heures n'implique pas que les exigences en mati\u00e8re d'acc\u00e8s r\u00e9sultant de l'art. 19 LAT ne sont pas remplies (consid. 4). Le fait de renvoyer dans le r\u00e8glement du plan aux normes VSS pour ce qui est des places de parc est judicieux. Un parking de 97 places est conforme \u00e0 ces normes. Compte tenu de la localisation du projet, il est admissible de ne pas pr\u00e9voir de places de parc pour les visiteurs du mus\u00e9e (consid. 5). Le choix du site repose sur une pes\u00e9e compl\u00e8te et correcte des int\u00e9r\u00eats en pr\u00e9sence et sur un examen suffisant des variantes (consid. 6). L'impact du projet de p\u00f4le mus\u00e9al n'est pas tel qu'il justifie son int\u00e9gration pr\u00e9alable dans le plan directeur cantonal (consid. 7). Tous les griefs des recourants relevant de la l\u00e9galit\u00e9, la question de savoir si le tribunal doit \u00e9tendre son examen \u00e0 l'opportunit\u00e9 souffre de demeurer ind\u00e9cise (consid. 8). Les exigences en mati\u00e8re de motivation des d\u00e9cisions sont respect\u00e9es (consid. 9). Il n'y a pas lieu de pr\u00e9voir dans la r\u00e9glementation sur les am\u00e9nagements ext\u00e9rieurs une disposition permettant de garantir le maintien d'un droit de passage afin d'acc\u00e9der \u00e0 des places de parc existantes. Cas \u00e9ch\u00e9ant, il appartiendra au nouveau propri\u00e9taire du site de d\u00e9cider s'il entend maintenir la convention permettant cet acc\u00e8s, un \u00e9ventuel litige \u00e0 cet \u00e9gard relevant des tribunaux civils (consid. 10).\rRecours au TF rejet\u00e9 par arr\u00eat du 8 octobre 2014 (1C_15/2014)."}], "ScrapyJob": "446973/40/2238", "Zeit UTC": "10.04.2026 23:12:42", "Checksum": "430982b5f1e0b19bba986aca9adc2b5e"}