{"Signatur": "VD_TC_031", "Spider": "VD_Omni", "Sprache": "fr", "Datum": "2014-12-31", "HTML": {"Datei": "VD_Omni/VD_TC_031_AC-2013-0151_2014-12-31.html", "URL": "http://www.jurisprudence.vd.ch/scripts/nph-omniscgi.exe?OmnisPlatform=WINDOWS&WebServerUrl=&WebServerScript=/scripts/nph-omniscgi.exe&OmnisLibrary=JURISWEB&OmnisClass=rtFindinfoWebHtmlService&OmnisServer=7001&Parametername=WWW_V4&Schema=VD_TA_WEB&Source=search.fiw&Aufruf=getMarkupDocument&cSprache=FRE&nF30_KEY=173043&W10_KEY=10550255&nTrefferzeile=15&Template=search/standard/results/document.fiw", "Checksum": "a5fcfc66aa2f977e78c3a8fac3f34aff"}, "Scrapedate": "2026-04-10", "Num": ["AC.2013.0151"], "Kopfzeile": [{"Sprachen": ["fr", "de", "it"], "Text": "Vaud Tribunal cantonal Cour de droit administratif et public 31.12.2014 AC.2013.0151"}], "Meta": [{"Sprachen": ["de"], "Text": "Waadt  Cour de droit administratif et public"}, {"Sprachen": ["fr"], "Text": "Vaud Tribunal cantonal Cour de droit administratif et public"}, {"Sprachen": ["it"], "Text": "Vaud  Cour de droit administratif et public"}], "Abstract": [{"Sprachen": ["de", "fr", "it"], "Text": "PROBST/Municipalit\u00e9 de St-Sulpice, MAGNENAT, RINALDI, HUNZIKER, ZWAHLEN, SAIB, SAIB, JAEGL\u00c9, MAGNENAT, JAEGL\u00c9 | La r\u00e9glementation communale ne pr\u00e9voit ni n'impose l'am\u00e9nagement d'un niveau de combles. L'art. 5.2 RGATC pr\u00e9cise que le nombre de niveaux superpos\u00e9s d'un b\u00e2timent n'est pas limit\u00e9 car il est fonction de l'exploitation des volumes qui d\u00e9coulent des hauteurs attribu\u00e9es \u00e0 chaque zone. Les r\u00e8gles concernant la hauteur \u00e0 la corniche et au fa\u00eete (art. 5.1 et 13.5 RGATC) peuvent s\u2019appliquer \u00e0 la fois \u00e0 des toitures en pente et \u00e0 des toitures plates avec attique et permettent l'am\u00e9nagement d'un niveau de combles, ou d\u2019un attique, c'est-\u00e0-dire d\u2019un espace sous la toiture. C\u2019est la raison pour laquelle l'art. 5.3 RGATC pr\u00e9cise express\u00e9ment que les combles sont habitables ou utilisables dans la totalit\u00e9 du volume exploitable de la toiture.\r\rLa forme de toiture l\u00e9g\u00e8rement arrondie depuis la fa\u00e7ade nord et formant une sorte d\u2019attique d\u00e9gageant l\u2019espace d\u2019une terrasse sur le c\u00f4t\u00e9 sud s\u2019inscrit dans le gabarit et n'est pas exclue par la r\u00e9glementation communale concernant le nombre de niveaux et les combles habitables (consid. 4).\r\r(recours au TF admis selon arr\u00eat 1C_92/2015 du 18 novembre 2015)\r"}], "ScrapyJob": "446973/40/2238", "Zeit UTC": "10.04.2026 22:56:08", "Checksum": "e47e4050f5cd02481cd2b0b7b5e8a8e5"}