{"Signatur": "VD_TC_031", "Spider": "VD_Omni", "Sprache": "fr", "Datum": "2013-12-20", "HTML": {"Datei": "VD_Omni/VD_TC_031_AC-2013-0153_2013-12-20.html", "URL": "http://www.jurisprudence.vd.ch/scripts/nph-omniscgi.exe?OmnisPlatform=WINDOWS&WebServerUrl=&WebServerScript=/scripts/nph-omniscgi.exe&OmnisLibrary=JURISWEB&OmnisClass=rtFindinfoWebHtmlService&OmnisServer=7001&Parametername=WWW_V4&Schema=VD_TA_WEB&Source=search.fiw&Aufruf=getMarkupDocument&cSprache=FRE&nF30_KEY=169304&W10_KEY=10550255&nTrefferzeile=49&Template=search/standard/results/document.fiw", "Checksum": "1dec69daf7caf0996abd71d6205b7507"}, "Scrapedate": "2023-01-01", "Num": ["AC.2013.0153"], "Kopfzeile": [{"Sprachen": ["fr", "de", "it"], "Text": "Vaud Tribunal cantonal Cour de droit administratif et public 20.12.2013 AC.2013.0153"}], "Meta": [{"Sprachen": ["de"], "Text": "Waadt  Cour de droit administratif et public"}, {"Sprachen": ["fr"], "Text": "Vaud Tribunal cantonal Cour de droit administratif et public"}, {"Sprachen": ["it"], "Text": "Vaud  Cour de droit administratif et public"}], "Abstract": [{"Sprachen": ["de", "fr", "it"], "Text": "CODIMMO SA/Municipalit\u00e9 de Mont-la-Ville, DE COL, MARTINET, RADELET, ROESSINGER-RADELET, CORNO,TEUSCHER, CHAROTTON, R\u00dcCHTY | Confirmation du refus de la Municipalit\u00e9 d'autoriser la construction d'un immeuble d'habitation, au motif qu'une partie des places de stationnement pr\u00e9vues empi\u00e8te sur la zone mixte d'utilit\u00e9 publique et de verdure. M\u00eame si le plan d'affectation n'a pas la pr\u00e9cision d'un plan num\u00e9ris\u00e9, le bureau de g\u00e9om\u00e8tre ne pouvait pas consid\u00e9rer que la volont\u00e9 de la commune \u00e9tait de faire co\u00efncider la limite des zone avec le parcellaire, en s'appuyant notamment sur les indications figurant dans le plan g\u00e9n\u00e9ral d'\u00e9vacuation des eaux. La superposition du plan d'affectation et du plan cadastral montre clairement que la zone s'\u00e9tend au-del\u00e0 de la limite des parcelles (consid. 1). La zone mixte d'utilit\u00e9 publique et de verdure n'est pas incompatible avec la nature priv\u00e9e du bien-fonds. La Municipalit\u00e9 n'a pas abus\u00e9 de son pouvoir d'appr\u00e9ciation en consid\u00e9rant que la cr\u00e9ation de places de parc \u00e9tait incompatible avec une affectation en zone de verdure, dont le but est de permettre la cr\u00e9ation d'il\u00f4ts de verdure (consid. 2). La recourante ne peut pas enfin \u00eatre prot\u00e9g\u00e9e dans sa bonne foi, d\u00e8s lors qu'elle se r\u00e9f\u00e8re \u00e0 un contrat et non \u00e0 un acte unilat\u00e9ral de l'autorit\u00e9 (consid. 3). Recours rejet\u00e9."}], "ScrapyJob": "446973/40/2238", "Zeit UTC": "10.04.2026 23:11:14", "Checksum": "baf06aa20ff039c4cddd309bbce59040"}