{"Signatur": "VD_TC_031", "Spider": "VD_Omni", "Sprache": "fr", "Datum": "2013-12-12", "HTML": {"Datei": "VD_Omni/VD_TC_031_AC-2013-0237_2013-12-12.html", "URL": "http://www.jurisprudence.vd.ch/scripts/nph-omniscgi.exe?OmnisPlatform=WINDOWS&WebServerUrl=&WebServerScript=/scripts/nph-omniscgi.exe&OmnisLibrary=JURISWEB&OmnisClass=rtFindinfoWebHtmlService&OmnisServer=7001&Parametername=WWW_V4&Schema=VD_TA_WEB&Source=search.fiw&Aufruf=getMarkupDocument&cSprache=FRE&nF30_KEY=169261&W10_KEY=10550255&nTrefferzeile=27&Template=search/standard/results/document.fiw", "Checksum": "2302d84f18826a232130f19124ceb044"}, "Scrapedate": "2023-01-01", "Num": ["AC.2013.0237"], "Kopfzeile": [{"Sprachen": ["fr", "de", "it"], "Text": "Vaud Tribunal cantonal Cour de droit administratif et public 12.12.2013 AC.2013.0237"}], "Meta": [{"Sprachen": ["de"], "Text": "Waadt  Cour de droit administratif et public"}, {"Sprachen": ["fr"], "Text": "Vaud Tribunal cantonal Cour de droit administratif et public"}, {"Sprachen": ["it"], "Text": "Vaud  Cour de droit administratif et public"}], "Abstract": [{"Sprachen": ["de", "fr", "it"], "Text": "CONUS, MICHAELIS CONUS, SERERO /Municipalit\u00e9 de Pully, MEYLAN, H\u00d6NES | L'ascenseur \u00e0 voitures projet\u00e9 peut \u00eatre consid\u00e9r\u00e9 comme une d\u00e9pendance au sens de l'art. 39 RLATC, quand bien m\u00eame il communique avec le garage souterrain du b\u00e2timent d'habitation. La quali\u00e9 des recourants pour invoquer l'art. 39 al. 4 RLATC appara\u00eet douteuse d\u00e8s lors qu'ils n'occupent pas la parcelle jouxtant les espaces r\u00e9glementaires dans lesquels la d\u00e9pendance sera implant\u00e9e (consid. 1). Les couloirs, escaliers et ascenseurs desservant \u00e0 la fois des surfaces habitables et non habitables doivent \u00eatre inclus dans les surfaces habitables brutes proportionnellement \u00e0 la surface consid\u00e9r\u00e9e comme habitable (consid 3). Confirmation de l'interpr\u00e9tation par la municipalit\u00e9 d'une disposition du r\u00e8glement communal relative \u00e0 la hauteur \u00e0 la corniche des d\u00e9pendances d\u00e8s lors que le l\u00e9gislateur n'avait probablement pas imagin\u00e9 le cas de l'ascenseur \u00e0 voitures lorsqu'il avait \u00e9labor\u00e9 la disposition en question, l'interpr\u00e9tation n'\u00e9tant au surplus pas insoutenable (consid. 4). Confirmation de la possibilit\u00e9 d'abattre un sapin prot\u00e9g\u00e9 par le r\u00e8glement et un \"cordon bois\u00e9\" compos\u00e9 de thuyas, de laurelles et de sapins compte tenu du fait qu'ils ne pr\u00e9sentent pas d'int\u00e9r\u00eat particulier au plan esth\u00e9tique ou biologique et compte tenu de l'int\u00e9r\u00eat \u00e0 utiliser le potentiel constructible d'une parcelle sise dans le p\u00e9rim\u00e8tre compact de l'agglom\u00e9ration Lausanne-Morges (consid. 5)."}], "ScrapyJob": "446973/40/2238", "Zeit UTC": "10.04.2026 23:12:10", "Checksum": "43bae89be2916bc0369ed953ba6b2ee2"}