{"Signatur": "VD_TC_031", "Spider": "VD_Omni", "Sprache": "fr", "Datum": "2013-12-20", "HTML": {"Datei": "VD_Omni/VD_TC_031_AC-2013-0249_2013-12-20.html", "URL": "http://www.jurisprudence.vd.ch/scripts/nph-omniscgi.exe?OmnisPlatform=WINDOWS&WebServerUrl=&WebServerScript=/scripts/nph-omniscgi.exe&OmnisLibrary=JURISWEB&OmnisClass=rtFindinfoWebHtmlService&OmnisServer=7001&Parametername=WWW_V4&Schema=VD_TA_WEB&Source=search.fiw&Aufruf=getMarkupDocument&cSprache=FRE&nF30_KEY=169318&W10_KEY=10550255&nTrefferzeile=44&Template=search/standard/results/document.fiw", "Checksum": "6541debdf5961ae3fed86097ba8ca629"}, "Scrapedate": "2023-01-01", "Num": ["AC.2013.0249"], "Kopfzeile": [{"Sprachen": ["fr", "de", "it"], "Text": "Vaud Tribunal cantonal Cour de droit administratif et public 20.12.2013 AC.2013.0249"}], "Meta": [{"Sprachen": ["de"], "Text": "Waadt  Cour de droit administratif et public"}, {"Sprachen": ["fr"], "Text": "Vaud Tribunal cantonal Cour de droit administratif et public"}, {"Sprachen": ["it"], "Text": "Vaud  Cour de droit administratif et public"}], "Abstract": [{"Sprachen": ["de", "fr", "it"], "Text": "BREUSS/Municipalit\u00e9 de Pully, Direction g\u00e9n\u00e9rale de l'environnement, FONDATION CAISSE DE PENSIONS DU PERSONNEL ALCOREX, ORANGE COMMUNICATIONS SA | Sous l'angle des risques pour la sant\u00e9, une antenne de t\u00e9l\u00e9phonie mobile doit \u00eatre autoris\u00e9e lorsque les valeurs limites de l'installation sont respect\u00e9es dans les lieux \u00e0 utilisation sensible et les valeurs limites d'immissions dans les lieux de s\u00e9jour momentan\u00e9s (consid. 1). Le jardin de la maison du recourant n'est pas un lieu \u00e0 utilisation sensible (consid. 2). L'ORNI ne contient pas de prescriptions tenant compte \u00e0 la fois des imissions de haute et de basse fr\u00e9quence (consid. 5). L'installation est conforme \u00e0 la zone \u00e0 b\u00e2tir d\u00e8s lors qu'elle permettra de couvrir un secteur en zone \u00e0 b\u00e2tir qui souffre actuellement d'un manque de couverture, plus particuli\u00e8rement en ce qui concerne l'UMTS (consid. 6). Rappel du principe selon lequel il n'existe aucune obligation de coordination en zone \u00e0 b\u00e2tir et du contenu de la convention sign\u00e9e \u00e0 cet \u00e9gard dans le Canton de Vaud entre l'Etat de Vaud et les op\u00e9rateurs (consid. 7)."}], "ScrapyJob": "446973/40/2238", "Zeit UTC": "10.04.2026 23:11:17", "Checksum": "4a299e43fcaa4eff8f04b0332aae0e5c"}