{"Signatur": "VD_TC_031", "Spider": "VD_Omni", "Sprache": "fr", "Datum": "2016-08-31", "HTML": {"Datei": "VD_Omni/VD_TC_031_AC-2014-0031_2016-08-31.html", "URL": "http://www.jurisprudence.vd.ch/scripts/nph-omniscgi.exe?OmnisPlatform=WINDOWS&WebServerUrl=&WebServerScript=/scripts/nph-omniscgi.exe&OmnisLibrary=JURISWEB&OmnisClass=rtFindinfoWebHtmlService&OmnisServer=7001&Parametername=WWW_V4&Schema=VD_TA_WEB&Source=search.fiw&Aufruf=getMarkupDocument&cSprache=FRE&nF30_KEY=177119&W10_KEY=10550255&nTrefferzeile=31&Template=search/standard/results/document.fiw", "Checksum": "d3e46bd66870c20311b89e3f16ce8f44"}, "Scrapedate": "2023-01-01", "Num": ["AC.2014.0031"], "Kopfzeile": [{"Sprachen": ["fr", "de", "it"], "Text": "Vaud Tribunal cantonal Cour de droit administratif et public 31.08.2016 AC.2014.0031"}], "Meta": [{"Sprachen": ["de"], "Text": "Waadt  Cour de droit administratif et public"}, {"Sprachen": ["fr"], "Text": "Vaud Tribunal cantonal Cour de droit administratif et public"}, {"Sprachen": ["it"], "Text": "Vaud  Cour de droit administratif et public"}], "Abstract": [{"Sprachen": ["de", "fr", "it"], "Text": "HELVETIA NOSTRA/Municipalit\u00e9 de Leysin, DELADOEY | L'entr\u00e9e en vigueur du plan directeur cantonal et de la modification de la LAT du 15 juin 2012  ne constitue pas \u00e0 elle seule, pour les communes dont la zone \u00e0 b\u00e2tir est surdimensionn\u00e9e, une modification sensible des circonstances au sens des art. 21 al. 2 LAT et 63 LATC (adaptation des plans d'affectation)."}], "ScrapyJob": "446973/40/2238", "Zeit UTC": "10.04.2026 22:23:11", "Checksum": "a935defb2fe4e369e4def4f91c2fe21a"}