{"Signatur": "VD_TC_031", "Spider": "VD_Omni", "Sprache": "fr", "Datum": "2015-06-30", "HTML": {"Datei": "VD_Omni/VD_TC_031_AC-2014-0090_2015-06-30.html", "URL": "http://www.jurisprudence.vd.ch/scripts/nph-omniscgi.exe?OmnisPlatform=WINDOWS&WebServerUrl=&WebServerScript=/scripts/nph-omniscgi.exe&OmnisLibrary=JURISWEB&OmnisClass=rtFindinfoWebHtmlService&OmnisServer=7001&Parametername=WWW_V4&Schema=VD_TA_WEB&Source=search.fiw&Aufruf=getMarkupDocument&cSprache=FRE&nF30_KEY=171689&W10_KEY=10550255&nTrefferzeile=23&Template=search/standard/results/document.fiw", "Checksum": "de42e8130e439731b9a17eee1a52f0e1"}, "Scrapedate": "2023-01-01", "Num": ["AC.2014.0090"], "Kopfzeile": [{"Sprachen": ["fr", "de", "it"], "Text": "Vaud Tribunal cantonal Cour de droit administratif et public 30.06.2015 AC.2014.0090"}], "Meta": [{"Sprachen": ["de"], "Text": "Waadt  Cour de droit administratif et public"}, {"Sprachen": ["fr"], "Text": "Vaud Tribunal cantonal Cour de droit administratif et public"}, {"Sprachen": ["it"], "Text": "Vaud  Cour de droit administratif et public"}], "Abstract": [{"Sprachen": ["de", "fr", "it"], "Text": "BRIOD/D\u00e9partement du territoire et de l\u2019environnement, Conseil communal de Lucens, BOURGEOIS | Recours contre le nouveau PGA de Lucens, interjet\u00e9 par un agriculteur qui se plaint de ce que la parcelle voisine de la sienne passe de la zone de verdure (non constructible) \u00e0 la \"zone r\u00e9sidentielle \u00e0 d\u00e9velopper par plan de quartier\", en faisant valoir que la construction de b\u00e2timents en face de son exploitation est incompatible avec cette derni\u00e8re. Qualit\u00e9 pour recourir admise conform\u00e9ment \u00e0 l'arr\u00eat du TF 1C_57/2007. La question de savoir si la nouvelle zone constitue d\u00e9j\u00e0 une zone \u00e0 b\u00e2tir a \u00e9t\u00e9 laiss\u00e9e ouverte, \u00e9tant pr\u00e9cis\u00e9 qu'\u00e0 supposer que tel soit le cas, les conditions relatives au classement dans une telle zone sont r\u00e9alis\u00e9es. Rejet du recours:\r- la nouvelle zone en question se trouve dans le p\u00e9rim\u00e8tre du centre de Lucens et pourrait m\u00eame constituer une br\u00e8che dans le tissu b\u00e2ti (question qui n'a toutefois pas \u00e9t\u00e9 tranch\u00e9e); il n'est d\u00e8s lors pas critiquable qu'elle puisse \u00eatre affect\u00e9e \u00e0 des constructions;\r- s'agissant de la protection contre le bruit, rien n'indique que les valeurs de planification (\u00e0 respecter lors de la cr\u00e9ation d'une nouvelle zone \u00e0 b\u00e2tir) ne seraient pas respect\u00e9es; en outre, des mesures pourront \u00eatre prises lors de l'\u00e9tablissement du plan de quartier, aux fins de concilier, du point de vue des nuisances sonores, la construction de b\u00e2timents avec la poursuite de l'activit\u00e9 agricole du recourant;\r- la question des nuisances olfactives ne se pose pas en l'\u00e9tat, puisque le recourant n'a plus de b\u00e9tail.\r"}], "ScrapyJob": "446973/40/2238", "Zeit UTC": "10.04.2026 22:44:02", "Checksum": "de567c4d06fa444b58d48935360cc93d"}