{"Signatur": "VD_TC_031", "Spider": "VD_Omni", "Sprache": "fr", "Datum": "2016-10-27", "HTML": {"Datei": "VD_Omni/VD_TC_031_AC-2014-0136_2016-10-27.html", "URL": "http://www.jurisprudence.vd.ch/scripts/nph-omniscgi.exe?OmnisPlatform=WINDOWS&WebServerUrl=&WebServerScript=/scripts/nph-omniscgi.exe&OmnisLibrary=JURISWEB&OmnisClass=rtFindinfoWebHtmlService&OmnisServer=7001&Parametername=WWW_V4&Schema=VD_TA_WEB&Source=search.fiw&Aufruf=getMarkupDocument&cSprache=FRE&nF30_KEY=174038&W10_KEY=10550255&nTrefferzeile=8&Template=search/standard/results/document.fiw", "Checksum": "c4aa2ea8bbeb0f5f03a87e37bf9e7ce9"}, "Scrapedate": "2023-01-01", "Num": ["AC.2014.0136"], "Kopfzeile": [{"Sprachen": ["fr", "de", "it"], "Text": "Vaud Tribunal cantonal Cour de droit administratif et public 27.10.2016 AC.2014.0136"}], "Meta": [{"Sprachen": ["de"], "Text": "Waadt  Cour de droit administratif et public"}, {"Sprachen": ["fr"], "Text": "Vaud Tribunal cantonal Cour de droit administratif et public"}, {"Sprachen": ["it"], "Text": "Vaud  Cour de droit administratif et public"}], "Abstract": [{"Sprachen": ["de", "fr", "it"], "Text": "A.________/D\u00e9partement du territoire et de l\u2019environnement (DTE), Conseil communal d'Yverdon-les-Bains | Recours contre les d\u00e9cisions d'adoption et d'approbation pr\u00e9alable d'un nouveau plan partiel d'affectation (PPA).\r- Grief sur l'obligation de pr\u00e9voir un nombre de places de parc dans des parkings collectifs (consid. 6). \rLa recourante critique les aspects d'urbanisme ou d'architecture relatifs aux silos \u00e0 voitures projet\u00e9s. Pas de motifs de retenir que ces structures ne pourraient pas \u00eatre int\u00e9gr\u00e9es dans un environnement de b\u00e2timents industriels, et qu'elles ne pourraient pas \u00eatre dot\u00e9es de qualit\u00e9s architecturales.\rL'obligation impos\u00e9e au propri\u00e9taire d'une parcelle de localiser la moiti\u00e9 des places de stationnement sur le terrain d'un tiers dans un parking collectif centralis\u00e9 constitue une restriction du droit de propri\u00e9t\u00e9.\rLe syst\u00e8me des parkings collectifs centralis\u00e9s a \u00e9t\u00e9 adopt\u00e9 pour des motifs d'am\u00e9nagement du territoire et il est justifi\u00e9 par un int\u00e9r\u00eat public. Il repose sur une base l\u00e9gale suffisante en droit cantonal (art. 47 al. 2 ch. 6 LATC).\rEn l'\u00e9tat, son application ne saurait \u00eatre contraire au principe de la proportionnalit\u00e9 et la r\u00e9glementation de d\u00e9tail \u00e0 mettre en place devra tenir compte de ce principe. \rLa r\u00e9glementation du PPA n'est contraire ni \u00e0 la garantie de la propri\u00e9t\u00e9 ni \u00e0 la libert\u00e9 \u00e9conomique (cf. art. 26, 27 et 36 Cst.). \rRejet du recours.\r\r"}], "ScrapyJob": "446973/40/2238", "Zeit UTC": "10.04.2026 22:19:58", "Checksum": "3efed408bdf3875e2d51f2eafbb8241a"}