{"Signatur": "VD_TC_031", "Spider": "VD_Omni", "Sprache": "fr", "Datum": "2015-08-27", "HTML": {"Datei": "VD_Omni/VD_TC_031_AC-2014-0339_2015-08-27.html", "URL": "http://www.jurisprudence.vd.ch/scripts/nph-omniscgi.exe?OmnisPlatform=WINDOWS&WebServerUrl=&WebServerScript=/scripts/nph-omniscgi.exe&OmnisLibrary=JURISWEB&OmnisClass=rtFindinfoWebHtmlService&OmnisServer=7001&Parametername=WWW_V4&Schema=VD_TA_WEB&Source=search.fiw&Aufruf=getMarkupDocument&cSprache=FRE&nF30_KEY=172006&W10_KEY=10550255&nTrefferzeile=9&Template=search/standard/results/document.fiw", "Checksum": "d71c7cbf1929e58c4129f022feba4b77"}, "Scrapedate": "2023-01-01", "Num": ["AC.2014.0339"], "Kopfzeile": [{"Sprachen": ["fr", "de", "it"], "Text": "Vaud Tribunal cantonal Cour de droit administratif et public 27.08.2015 AC.2014.0339"}], "Meta": [{"Sprachen": ["de"], "Text": "Waadt  Cour de droit administratif et public"}, {"Sprachen": ["fr"], "Text": "Vaud Tribunal cantonal Cour de droit administratif et public"}, {"Sprachen": ["it"], "Text": "Vaud  Cour de droit administratif et public"}], "Abstract": [{"Sprachen": ["de", "fr", "it"], "Text": "MATOS/Municipalit\u00e9 de Crans-pr\u00e8s-C\u00e9ligny, BUSSY | Nouveau projet consistant \u00e0 cr\u00e9er, dans la zone du bourg du village de Crans, une maison d'habitation comprenant un local commercial au rez et deux logements au premier \u00e9tage, dans les combles et les surcombles. Recours des voisins admis. \rCeux-ci se plaignaient notamment de l\u2019installation de panneaux solaires en toiture; or, la municipalit\u00e9 ne s\u2019est pas pench\u00e9e sur le choix des mat\u00e9riaux, la position et les proportions des capteurs, ainsi que le traitement architectural de la toiture. \rEn outre, la demande de permis est entach\u00e9e d\u2019une erreur, le formulaire faisant appara\u00eetre un d\u00e9passement du CUS en violation de la r\u00e9glementation communale applicable. \rLes autres moyens invoqu\u00e9s \u00e0 l'appui de recours ne sont en revanche pas retenus. En particulier, on retient qu'en autorisant la r\u00e9alisation d\u2019un b\u00e2timent \u00e0 vocation mixte, dont 65% de la surface totale du rez-de-chauss\u00e9e est affect\u00e9e \u00e0 une activit\u00e9 commerciale, la Municipalit\u00e9 n\u2019a pas exc\u00e9d\u00e9 le pouvoir d\u2019appr\u00e9ciation qui lui est reconnu en l\u2019occurrence.\rRecours au TF admis (1C_438/2015 et 1C_571/2015)."}], "ScrapyJob": "446973/40/2238", "Zeit UTC": "10.04.2026 22:41:17", "Checksum": "1fbfeac32df53d7c0efb16ee6764f09c"}